{"id":9133,"date":"2024-01-29T17:31:13","date_gmt":"2024-01-29T17:31:13","guid":{"rendered":"https:\/\/www.taalhammer.com\/?p=9133"},"modified":"2025-03-26T18:49:43","modified_gmt":"2025-03-26T18:49:43","slug":"przyimki-w-jezyku-niemieckim-dativ-akkusativ-genitiv","status":"publish","type":"post","link":"https:\/\/www.taalhammer.com\/pl\/przyimki-w-jezyku-niemieckim-dativ-akkusativ-genitiv\/","title":{"rendered":"Przyimki w j\u0119zyku niemieckim. Niemieckie przyimki wymagaj\u0105ce u\u017cycia Dativ, Akkusativ, Genitiv"},"content":{"rendered":"\n<p>Przyimki w j\u0119zyku niemieckim to temat, kt\u00f3ry niestety zawsze pomija\u0142am w pocz\u0105tkowych etapach nauki niemieckiego. Wszystko zmieni\u0142o si\u0119 podczas jednego z moich wyjazd\u00f3w do Niemiec. Gdy wysiad\u0142am z poci\u0105gu na dworcu g\u0142\u00f3wnym w Berlinie, by\u0142am zm\u0119czona podr\u00f3\u017c\u0105 i marzy\u0142am o gor\u0105cej kawie. Znalaz\u0142am przytuln\u0105 kawiarni\u0119 i cieszy\u0142am si\u0119 z okazji do porozmawiania po niemiecku. My\u015bla\u0142am, \u017ce bez problemu poradz\u0119 sobie ze z\u0142o\u017ceniem zam\u00f3wienia, lecz w momencie, gdy kelner podszed\u0142 do mojego stolika, wszystko zacz\u0119\u0142o mi si\u0119 miesza\u0107.&nbsp;<\/p>\n\n\n\n<p>Chcia\u0142am zam\u00f3wi\u0107 kaw\u0119 z mlekiem bez cukru i cho\u0107 zna\u0142am dobrze podstawowe s\u0142owa takie jak: kawa, mleko czy cukier to zapomnia\u0142am jakich powinnam u\u017cy\u0107 przyimk\u00f3w i za jakimi przypadkami musz\u0119 je po\u0142\u0105czy\u0107. &#8220;Eine Kaffee &#8230; mit? &#8230; zu? &#8230; Milch &#8230; ohne?.. Sugar bitte&#8221;. Zestresowa\u0142am si\u0119 i nagle przez g\u0142ow\u0119 zacz\u0119\u0142y przep\u0142ywa\u0107 mi wszystkie przyimki, kt\u00f3rych si\u0119 uczy\u0142am, ale nie mog\u0142am uporz\u0105dkowa\u0107 swoich my\u015bli, tak aby utworzy\u0107 prawid\u0142owe zdanie. Na szcz\u0119\u015bcie kelner wykaza\u0142 si\u0119 spor\u0105 cierpliwo\u015bci\u0105, dzi\u0119ki czemu uda\u0142o nam si\u0119 doj\u015b\u0107 do porozumienia i po kr\u00f3tkiej chwili otrzyma\u0142am moj\u0105 upragnion\u0105 kaw\u0119.&nbsp;<\/p>\n\n\n\n<p>Sytuacja ta jednak na d\u0142ugo pozosta\u0142a mi z ty\u0142u g\u0142owy i zmotywowa\u0142a mnie do skuteczniejszej nauki niemieckich przyimk\u00f3w.<\/p>\n\n\n<style>\n\t#banner-section-2-at-block_6c45647ddfaeb20f58bf3d13e513593c.banner-at--bg{\n\t\t\tbackground-image: url('https:\/\/www.taalhammer.com\/wp-content\/themes\/taalhammer-theme\/assets\/images\/png\/banner-bg3.png');\n\t\t\tbackground-color: #ffffff;\n\t\t\tborder: 0px solid #FFD600;\n\t}\n\t@media only screen and (max-width: 550px) {\n\t\t#banner-section-2-at-block_6c45647ddfaeb20f58bf3d13e513593c.banner-at--bg {\n\t\t\tbackground-image: url('https:\/\/www.taalhammer.com\/wp-content\/themes\/taalhammer-theme\/assets\/images\/png\/banner-bg3-mob.png');\n\t\t\tborder: none;\n\t\t}\n\t}\n\t@media only screen and (max-width: 916px) {\n\t\tmain #banner-section-2-at-block_6c45647ddfaeb20f58bf3d13e513593c.banner-at--bg {\n\t\t\tbackground-image: url('https:\/\/www.taalhammer.com\/wp-content\/themes\/taalhammer-theme\/assets\/images\/png\/banner-bg3-mob.png');\n\t\t\tborder: none;\n\t\t}\n\t}\n\t#banner-section-2-at-block_6c45647ddfaeb20f58bf3d13e513593c .banner-at__subtitle {\n\t\tcolor: #FFD600;\n\t}\n\t#banner-section-2-at-block_6c45647ddfaeb20f58bf3d13e513593c .banner-at__title {\n\t\tcolor: #ffffff;\n\t}\n\t#banner-section-2-at-block_6c45647ddfaeb20f58bf3d13e513593c .banner-at__content .content-at__text{\n\t\tcolor: #ffffff;\n\t}\n\t#banner-section-2-at-block_6c45647ddfaeb20f58bf3d13e513593c .banner-at__btn .btn-at {\n\t\tbackground: inherit;\n\t\tcolor: #ffffff;\n\t\tborder: 1px solid rgba(255, 214, 0, 1);\n\t\tbox-shadow: none;\n\t}\n\t#banner-section-2-at-block_6c45647ddfaeb20f58bf3d13e513593c .banner-at__btn .btn-at:hover {\n\t\tbackground: #ffd600;\n\t\tcolor: #161616;\n\t\tborder: 1px solid rgba(255, 214, 0, 1);\n\t}\n<\/style>\n<div class=\"banner-at at-ff banner-at--bg\" id=\"banner-section-2-at-block_6c45647ddfaeb20f58bf3d13e513593c\">\n\t<div class=\"banner-at__wrap banner-at__wrap--end\">\n\t\t\t\t<div class=\"banner-at__right\">\n\t\t\t\t\t\t\t\t\t\t\t\t\t\t<div class=\"banner-at__subtitle\">Ka\u017cdy ma talent do nauki j\u0119zyk\u00f3w<\/div>\n\t\t\t\t\t\t\t\t\t\t\t\t\t\t\t\t\t\t<div class=\"banner-at__title\">Ucz si\u0119 j\u0119zyka niemieckiego z aplikacj\u0105 Taalhammer<\/div>\n\t\t\t\t\t\t\t\t<div class=\"banner-at__content content-at\">\n\t\t\t\t\t\t\t\t\t\t\t\t<div class=\"content-at__text\">Rozwijaj instynkty j\u0119zykowe poprzez \u0107wiczenie pe\u0142nych zda\u0144<\/div>\n\t\t\t\t\t\t\t\t\t\t<\/div>\n\t\t\t\t\t\t\t\t\t\t\t\t<div class=\"banner-at__btn\">\n\t\t\t\t\t\t<a class=\"btn-at\" rel=\"nofollow\" href=\"https:\/\/www.taalhammer.com\/pl\/\" cta-type=\"cta-banner-pl-learn-with-sentences\" data-cta-track=\"true\" data-cta-position=\"start-text\">Chc\u0119 wiedzie\u0107 wi\u0119cej<\/a>\n\t\t\t\t\t<\/div>\n\t\t\t\t\t\t\t\t\t<\/div>\n\t<\/div>\n<\/div>\n\n\n\n<div class=\"wp-block-ht-block-toc  is-style-outline htoc htoc--position-wide toc-list-style-plain\" data-htoc-state=\"expanded\"><span class=\"htoc__title\"><span class=\"ht_toc_title\">Spis tre\u015bci<\/span><span class=\"htoc__toggle\"><svg xmlns=\"http:\/\/www.w3.org\/2000\/svg\" width=\"16\" height=\"16\"><g fill=\"#444\"><path d=\"M15 7H1c-.6 0-1 .4-1 1s.4 1 1 1h14c.6 0 1-.4 1-1s-.4-1-1-1z\"><\/path><path d=\"M15 1H1c-.6 0-1 .4-1 1s.4 1 1 1h14c.6 0 1-.4 1-1s-.4-1-1-1zM15 13H1c-.6 0-1 .4-1 1s.4 1 1 1h14c.6 0 1-.4 1-1s-.4-1-1-1z\"><\/path><\/g><\/svg><\/span><\/span><div class=\"htoc__itemswrap\"><ul class=\"ht_toc_list\"><li class=\"\"><a href=\"#htoc-czym-s-przyimki\">Czym s\u0105 przyimki?<\/a><\/li><li class=\"\"><a href=\"#htoc-niemieckie-przyimki-cz-ce-si-z-akkusativem\">Niemieckie przyimki \u0142\u0105cz\u0105ce si\u0119 z Akkusativem<\/a><\/li><li class=\"\"><a href=\"#htoc-niemieckie-przyimki-cz-ce-si-z-dativem\">Niemieckie przyimki \u0142\u0105cz\u0105ce si\u0119 z Dativem<\/a><\/li><li class=\"\"><a href=\"#htoc-niemieckie-przyimki-cz-ce-si-z-genitivem\">Niemieckie przyimki \u0142\u0105cz\u0105ce si\u0119 z Genitivem<\/a><\/li><li class=\"\"><a href=\"#htoc-przyimki-miejsca-kt-re-cz-si-z-akkusativem-lub-dativem\">Przyimki miejsca, kt\u00f3re \u0142\u0105cz\u0105 si\u0119 z Akkusativem lub Dativem<\/a><\/li><li class=\"\"><a href=\"#htoc-formy-skr-cone-przyimek-rodzajnik\">Formy skr\u00f3cone: przyimek + rodzajnik<\/a><\/li><li class=\"\"><a href=\"#htoc-opanuj-przyimki-w-j-zyku-niemieckim-z-aplikacj-taalhammer\">Opanuj przyimki w j\u0119zyku niemieckim z aplikacj\u0105 Taalhammer!<\/a><\/li><\/ul><\/div><\/div>\n\n\n\n<h2 class=\"wp-block-heading\" id=\"htoc-czym-s-przyimki\"><strong>Czym s\u0105 przyimki?<\/strong><\/h2>\n\n\n\n<p>Przyimki to kr\u00f3tkie s\u0142owa, kt\u00f3re pomagaj\u0105 nam zrozumie\u0107 relacje pomi\u0119dzy r\u00f3\u017cnymi cz\u0119\u015bciami zdania i wp\u0142ywaj\u0105 na precyzj\u0119 komunikacji. Najcz\u0119\u015bciej spotykamy si\u0119 z przyimkami miejsca, czasu, sposobu lub przyczyny. Przyk\u0142ady przyimk\u00f3w w j\u0119zyku polskim to: w, na, pod, przed, za, obok, od, do, bez, przez itp.&nbsp;<\/p>\n\n\n\n<p>Przyimki w j\u0119zyku niemieckim <a href=\"https:\/\/www.taalhammer.com\/pl\/przypadki-niemieckie-tabela-odmiana-wyjasnienie\/\" data-type=\"link\" data-id=\"https:\/\/www.taalhammer.com\/pl\/przypadki-niemieckie-tabela-odmiana-wyjasnienie\/\" target=\"_blank\" rel=\"noreferrer noopener\">wymagaj\u0105 u\u017cycia odpowiedniego przypadku<\/a> (kt\u00f3ry w wi\u0119kszo\u015bci nie odpowiada przypadkowi w j\u0119zyku polskim). W zwi\u0105zku z tym sprawiaj\u0105 wiele trudno\u015bci &#8211; w Taalhammerze wiemy to z do\u015bwiadczenia w\u0142asnego i naszych u\u017cytkownik\u00f3w. Je\u015bli chcesz je opanowa\u0107, musisz nauczy\u0107 si\u0119, kt\u00f3re z nich \u0142\u0105cz\u0105 si\u0119 z biernikiem (Akkusativ), kt\u00f3re z celownikiem (Dativ), a kt\u00f3re z dope\u0142niaczem (Genitiv).&nbsp;<\/p>\n\n\n\n<p>W tym artykule znajdziesz wszystkie regu\u0142y, kt\u00f3re powiniene\u015b pozna\u0107, aby zrozumie\u0107 w jaki spos\u00f3b u\u017cywa\u0107 przyimk\u00f3w. Jednak w praktyce, w trakcie prowadzenia rozmowy po niemiecku nie b\u0119dziesz w stanie przypomnie\u0107 sobie o wszystkich zasadach, bo po prostu nie b\u0119dziesz mie\u0107 na to czasu.&nbsp;<\/p>\n\n\n\n<p>We\u017amy na przyk\u0142ad zdanie: <strong>Ich lerne seit einem Jahr Deutsch <\/strong>(Ucz\u0119 si\u0119 niemieckiego od roku). Aby powiedzie\u0107 je poprawnie po niemiecku, po pierwsze musisz wiedzie\u0107 jaki rodzajnik ma s\u0142owo \u201crok\u201d &#8211; <strong>das Jahr <\/strong>(jest to dla nas kolejna trudno\u015b\u0107, bo w j\u0119zyku polskim rodzajniki w og\u00f3le nie istniej\u0105). Po drugie musisz wiedzie\u0107, z jakim przypadkiem \u0142\u0105czy si\u0119 <strong>seit <\/strong>(od) i na ko\u0144cu odpowiednio po\u0142\u0105czy\u0107 te informacje i odmieni\u0107 rodzajnik odpowiednio do tego przypadku.&nbsp;<\/p>\n\n\n\n<p>Sporo roboty, prawda? Jak wi\u0119c nauczy\u0107 si\u0119 przypadk\u00f3w, aby m\u00f3c p\u0142ynnie si\u0119 nimi pos\u0142ugiwa\u0107?&nbsp;<\/p>\n\n\n\n<p>Musisz wyrobi\u0107 sobie intuicj\u0119 gramatyczn\u0105. Wy\u0107wiczysz j\u0105 poprzez uczenie si\u0119 na pami\u0119\u0107 ca\u0142ych fraz i zda\u0144. Wracaj\u0105c do naszego przyk\u0142adowego zdania: mo\u017cesz unikn\u0105\u0107 zastanawiania si\u0119 nad ca\u0142\u0105 t\u0105 teori\u0105, je\u015bli po prostu nauczysz si\u0119 na pami\u0119\u0107 wyra\u017cenia <strong>seit einem Jahr<\/strong> (od roku). Jest to najlepsza metoda na osi\u0105gni\u0119cie p\u0142ynno\u015bci j\u0119zykowej i poprawienie swoich umiej\u0119tno\u015bci prowadzenia konwersacji. Dlatego do ka\u017cdego przyimka przygotowa\u0142am dla ciebie przyk\u0142adowe frazy i zdania u\u0142atwiaj\u0105ce zapami\u0119tywanie.&nbsp;<\/p>\n\n\n\n<h2 class=\"wp-block-heading\" id=\"htoc-niemieckie-przyimki-cz-ce-si-z-akkusativem\"><strong>Niemieckie przyimki \u0142\u0105cz\u0105ce si\u0119 z Akkusativem<\/strong><\/h2>\n\n\n\n<p><a href=\"https:\/\/www.taalhammer.com\/pl\/przyimki-z-akkusativem-w-jezyku-niemieckim\/\" target=\"_blank\" rel=\"noreferrer noopener\">Przyimki \u0142\u0105cz\u0105ce si\u0119 z biernikiem (Akkusativ)<\/a> to:&nbsp;<strong>durch<\/strong>,&nbsp;<strong>f\u00fcr<\/strong>,<strong>&nbsp;gegen<\/strong>,<strong>&nbsp;ohne<\/strong>,<strong>&nbsp;um, entlang<\/strong>. Nie ma tu wyj\u0105tk\u00f3w, i dlatego \u0142atwo jest opanowa\u0107 ich u\u017cycie. Po prostu zawsze jak widzisz te przyimki pomy\u015bl o Akkusativie.<\/p>\n\n\n\n<h2 class=\"wp-block-heading\" id=\"htoc-niemieckie-przyimki-cz-ce-si-z-dativem\"><strong>Niemieckie przyimki \u0142\u0105cz\u0105ce si\u0119 z Dativem<\/strong><\/h2>\n\n\n\n<p><a href=\"https:\/\/www.taalhammer.com\/pl\/przyimki-z-dativem-w-jezyku-niemieckim\/\" target=\"_blank\" rel=\"noreferrer noopener\">Przyimki \u0142\u0105cz\u0105ce si\u0119 z celownikiem (Dativ)<\/a> to: <strong>aus<\/strong>,<strong> bei<\/strong>,<strong> mit<\/strong>,<strong> nach<\/strong>,<strong> seit<\/strong>,<strong> von<\/strong>,<strong> zu<\/strong>,<strong> gegen\u00fcber<\/strong>. Tak\u017ce tutaj nie ma wyj\u0105tk\u00f3w, i najlepiej jest wku\u0107 t\u0119 sekwencj\u0119 na pami\u0119\u0107.<\/p>\n\n\n\n<h2 class=\"wp-block-heading\" id=\"htoc-niemieckie-przyimki-cz-ce-si-z-genitivem\"><strong>Niemieckie przyimki \u0142\u0105cz\u0105ce si\u0119 z Genitivem<\/strong><\/h2>\n\n\n\n<p><a href=\"https:\/\/www.taalhammer.com\/pl\/przyimki-z-genitivem-w-jezyku-niemieckim\/\" target=\"_blank\" rel=\"noreferrer noopener\">Przyimki \u0142\u0105cz\u0105ce si\u0119 z dope\u0142niaczem (Genitiv)<\/a> to: <strong>anhand<\/strong>, <strong>anl\u00e4sslich<\/strong>, <strong>infolge<\/strong>, <strong>staat<\/strong>, <strong>anstaat<\/strong>, <strong>aufgrund<\/strong>,<strong> trotz<\/strong>,<strong> w\u00e4hrend<\/strong>, <strong>wegen<\/strong>. Oznacza to, \u017ce po u\u017cyciu tych przyimk\u00f3w powiniene\u015b u\u017cy\u0107 rzeczownika lub zaimka w dope\u0142niaczu (cho\u0107 w mowie potocznej zdarza si\u0119, \u017ce s\u0105 u\u017cywane te\u017c z celownikiem). <\/p>\n\n\n\n<h2 class=\"wp-block-heading\" id=\"htoc-przyimki-miejsca-kt-re-cz-si-z-akkusativem-lub-dativem\"><strong>Przyimki miejsca, kt\u00f3re \u0142\u0105cz\u0105 si\u0119 z Akkusativem lub Dativem<\/strong><\/h2>\n\n\n\n<p>Niekt\u00f3re przyimki wskazuj\u0105ce na miejsce w j\u0119zyku niemieckim nie przypisuj\u0105 si\u0119 jednoznacznie do jednego przypadku. Nazywane s\u0105 one <a href=\"https:\/\/www.taalhammer.com\/pl\/przyimki-niemieckie-z-akkusativem-lub-dativem-wechselprapositionen\/\" target=\"_blank\" rel=\"noreferrer noopener\">przyimkami zmiennymi, czyli Wechselpr\u00e4positionen<\/a>. W zale\u017cno\u015bci od kontekstu mog\u0105 \u0142\u0105czy\u0107 si\u0119 z biernikiem (Akkusativ) lub celownikiem (Dativ). Do tej kategorii nale\u017c\u0105<\/p>\n\n\n\n<figure class=\"wp-block-table\"><table class=\"has-fixed-layout\"><thead><tr><th>Niemiecki<\/th><th>Polski<\/th><\/tr><\/thead><tbody><tr><td><strong>an<\/strong><\/td><td>przy, na (w pionie)<\/td><\/tr><tr><td><strong>auf<\/strong><\/td><td>na (w poziomie)<\/td><\/tr><tr><td><strong>hinter<\/strong><\/td><td>za<\/td><\/tr><tr><td><strong>in<\/strong><\/td><td>w<\/td><\/tr><tr><td><strong>neben<\/strong><\/td><td>obok<\/td><\/tr><tr><td><strong>unter<\/strong><\/td><td>pod<\/td><\/tr><tr><td><strong>\u00fcber<\/strong><\/td><td>nad<\/td><\/tr><tr><td><strong>vor<\/strong><\/td><td>przed<\/td><\/tr><tr><td><strong>zwischen<\/strong><\/td><td>pomi\u0119dzy<\/td><\/tr><\/tbody><\/table><\/figure>\n\n\n\n<h2 class=\"wp-block-heading\" id=\"htoc-formy-skr-cone-przyimek-rodzajnik\"><strong>Formy skr\u00f3cone: przyimek + rodzajnik<\/strong><\/h2>\n\n\n\n<p>Przyimki mog\u0105 zmienia\u0107 swoj\u0105 form\u0119 w zale\u017cno\u015bci od przypadku, z kt\u00f3rym si\u0119 \u0142\u0105cz\u0105. Oznacza to, \u017ce w po\u0142\u0105czeniu z rodzajnikiem okre\u015blonym w celowniku lub bierniku ulegaj\u0105 \u015bci\u0105gni\u0119ciu, czyli po prostu zlewaj\u0105 si\u0119 ze sob\u0105. Zabieg ten sprawia, \u017ce j\u0119zyk brzmi bardziej p\u0142ynnie i naturalnie, a wymowa staje si\u0119 \u0142atwiejsza i szybsza.<\/p>\n\n\n\n<figure class=\"wp-block-table\"><table class=\"has-fixed-layout\"><thead><tr><th><\/th><th><\/th><\/tr><\/thead><tbody><tr><td>an + dem<\/td><td>am<\/td><\/tr><tr><td>an + das<\/td><td>ans<\/td><\/tr><tr><td>in + dem<\/td><td>im<\/td><\/tr><tr><td>in + das<\/td><td>ins<\/td><\/tr><tr><td>zu + der<\/td><td>zur<\/td><\/tr><tr><td>zu + dem<\/td><td>zum<\/td><\/tr><tr><td>auf + das<\/td><td>aufs<\/td><\/tr><tr><td>bei + dem<\/td><td>beim<\/td><\/tr><tr><td>von + dem<\/td><td>vom<\/td><\/tr><\/tbody><\/table><\/figure>\n\n\n\n<p>Sp\u00f3jrz na przyk\u0142adowe zdania:<\/p>\n\n\n\n<figure class=\"wp-block-table\"><table class=\"has-fixed-layout\"><thead><tr><th>Niemiecki<\/th><th>Polski<\/th><\/tr><\/thead><tbody><tr><td><strong>am <\/strong>Flughafen<\/td><td>na lotnisku<\/td><\/tr><tr><td>Ich bin <strong>am <\/strong>Flughafen.<\/td><td>Jestem na lotnisku.<\/td><\/tr><tr><td><strong>ans <\/strong>Meer<\/td><td>nad morze<\/td><\/tr><tr><td>Wir fahren jedes Jahr <strong>ans <\/strong>Meer.<\/td><td>Co roku je\u017adzimy nad morze.<\/td><\/tr><tr><td><strong>im <\/strong>Garten<\/td><td>w ogrodzie<\/td><\/tr><tr><td>Er ist <strong>im <\/strong>Garten.<\/td><td>On jest w ogrodzie.<\/td><\/tr><tr><td><strong>ins <\/strong>Kino<\/td><td>do kina<\/td><\/tr><tr><td>Sie geht <strong>ins <\/strong>Kino.&nbsp;<\/td><td>Ona idzie do kina.<\/td><\/tr><tr><td><strong>zur <\/strong>Schule<\/td><td>do szko\u0142y<\/td><\/tr><tr><td>Wir fahren <strong>zur <\/strong>Schule.<\/td><td>Jedziemy do szko\u0142y.<\/td><\/tr><tr><td><strong>zum <\/strong>Arzt<\/td><td>do lekarza<\/td><\/tr><tr><td>Ich gehe <strong>zum <\/strong>Arzt.<\/td><td>Id\u0119 do lekarza.<\/td><\/tr><tr><td><strong>aufs <\/strong>Konzert<\/td><td>na koncert<\/td><\/tr><tr><td>Ich freue mich <strong>aufs <\/strong>Konzert.<\/td><td>Ciesz\u0119 si\u0119 na koncert.<\/td><\/tr><tr><td><strong>beim <\/strong>Wort<\/td><td>za s\u0142owo<\/td><\/tr><tr><td>Ich nehme dich <strong>beim <\/strong>Wort!<\/td><td>Trzymam ci\u0119 za s\u0142owo!<\/td><\/tr><tr><td><strong>vom <\/strong>Chef<\/td><td>od szefa<\/td><\/tr><tr><td>Das Geschenk ist <strong>vom <\/strong>Chef.<\/td><td>Prezent jest od szefa.<\/td><\/tr><\/tbody><\/table><\/figure>\n\n\n\n<p>Zajrzyj do naszego artyku\u0142u, je\u015bli chcesz dowiedzie\u0107 si\u0119 wi\u0119cej na temat <a href=\"https:\/\/www.taalhammer.com\/pl\/rodzajniki-niemieckie-okreslone-nieokreslone-zerowe\/\" target=\"_blank\" rel=\"noreferrer noopener\">rodzajnik\u00f3w w j\u0119zyku niemieckim<\/a>.<\/p>\n\n\n\n<h2 class=\"wp-block-heading\" id=\"htoc-opanuj-przyimki-w-j-zyku-niemieckim-z-aplikacj-taalhammer\"><strong>Opanuj przyimki w j\u0119zyku niemieckim z aplikacj\u0105 Taalhammer!<\/strong><\/h2>\n\n\n\n<p>Mam nadziej\u0119, \u017ce po przeczytaniu tego artyku\u0142u przyimki nie s\u0105 ju\u017c dla ciebie zagadk\u0105, lecz prostym zagadnieniem gramatycznym. Opanowanie ich umo\u017cliwi ci bardziej precyzyjne wypowiadanie si\u0119 i tworzenie zda\u0144 w j\u0119zyku niemieckim. Skorzystaj z naszego <a href=\"https:\/\/www.taalhammer.com\/pl\/kurs-niemieckiego\/\" target=\"_blank\" rel=\"noreferrer noopener\">kursu j\u0119zyka niemieckiego<\/a> i ucz si\u0119 z wykorzystaniem metody ca\u0142ych zda\u0144. Czekaj\u0105 tam na ciebie gotowe zdania opracowane przez nasz do\u015bwiadczony zesp\u00f3\u0142 nauczycieli, lingwist\u00f3w i poliglot\u00f3w. Co wi\u0119cej, w naszej aplikacji masz mo\u017cliwo\u015b\u0107 personalizacji nauki i dodawania swoich w\u0142asnych tre\u015bci, dzi\u0119ki czemu mo\u017cesz uczy\u0107 si\u0119 s\u0142ownictwa dostosowanego do twoich potrzeb. Do\u0142\u0105cz do naszej spo\u0142eczno\u015bci i zacznij uczy\u0107 si\u0119 skutecznie. Powodzenia w nauce niemieckiego!<\/p>\n\n\n<style>\n\t#banner-section-3-at-block_3aeb1863083afa75147e4ee83818765a.banner-at--bg{\n\t\t\tbackground-image: url('https:\/\/www.taalhammer.com\/wp-content\/themes\/taalhammer-theme\/assets\/images\/png\/banner-bg4.png');\n\t\t\tbackground-color: #ffffff;\n\t\t\tborder: 0px solid #FFD600;\n\t}\n\t@media only screen and (max-width: 550px) {\n\t\t#banner-section-3-at-block_3aeb1863083afa75147e4ee83818765a.banner-at--bg {\n\t\t\tbackground-image: url('https:\/\/www.taalhammer.com\/wp-content\/themes\/taalhammer-theme\/assets\/images\/png\/banner-bg4-mob.png');\n\t\t\tborder: none;\n\t\t}\n\t}\n\t@media only screen and (max-width: 916px) {\n\t\tmain #banner-section-3-at-block_3aeb1863083afa75147e4ee83818765a.banner-at--bg {\n\t\t\tbackground-image: url('https:\/\/www.taalhammer.com\/wp-content\/themes\/taalhammer-theme\/assets\/images\/png\/banner-bg4-mob.png');\n\t\t\tborder: none;\n\t\t}\n\t}\n\t#banner-section-3-at-block_3aeb1863083afa75147e4ee83818765a .banner-at__subtitle {\n\t\tcolor: #FFD600;\n\t}\n\t#banner-section-3-at-block_3aeb1863083afa75147e4ee83818765a .banner-at__title {\n\t\tcolor: #ffffff;\n\t}\n\t#banner-section-3-at-block_3aeb1863083afa75147e4ee83818765a .banner-at__content .content-at__text{\n\t\tcolor: #ffffff;\n\t}\n\t#banner-section-3-at-block_3aeb1863083afa75147e4ee83818765a .banner-at__btn .btn-at {\n\t\tbackground: inherit;\n\t\tcolor: #ffffff;\n\t\tborder: 1px solid rgba(255, 214, 0, 1);\n\t\tbox-shadow: none;\n\t}\n\t#banner-section-3-at-block_3aeb1863083afa75147e4ee83818765a .banner-at__btn .btn-at:hover {\n\t\tbackground: #ffd600;\n\t\tcolor: #161616;\n\t\tborder: 1px solid rgba(255, 214, 0, 1);\n\t}\n<\/style>\n<div class=\"banner-at at-ff banner-at--bg\" id=\"banner-section-3-at-block_3aeb1863083afa75147e4ee83818765a\">\n\t<div class=\"banner-at__wrap banner-at__wrap--end\">\n\t\t\t\t\t<div class=\"banner-at__left\">\n\t\t\t\t<div class=\"img-wrap\">\n\t\t\t\t\t<div>\n\t\t\t\t\t\t<picture>\n\t\t\t\t\t\t\t<img decoding=\"async\" src=\"https:\/\/www.taalhammer.com\/wp-content\/themes\/taalhammer-theme\/assets\/images\/png\/banner-img-4.png\" alt=\"\" \/>\n\t\t\t\t\t\t<\/picture>\n\t\t\t\t\t<\/div>\n\t\t\t\t<\/div>\n\t\t\t<\/div>\n\t\t\t\t<div class=\"banner-at__right\">\n\t\t\t\t\t\t\t\t\t\t\t\t\t\t<div class=\"banner-at__subtitle\">Wydajna i spersonalizowana<\/div>\n\t\t\t\t\t\t\t\t\t\t\t\t\t\t\t\t\t\t<div class=\"banner-at__title\">Ucz si\u0119 j\u0119zyka niemieckiego z aplikacj\u0105 Taalhammer<\/div>\n\t\t\t\t\t\t\t\t<div class=\"banner-at__content content-at\">\n\t\t\t\t\t\t\t\t\t\t\t\t<div class=\"content-at__text\">Stw\u00f3rz swoje w\u0142asne s\u0142owa i zwroty, kt\u00f3re b\u0119dziesz m\u00f3g\u0142 od razu zastosowa\u0107 w codziennych sytuacjach.<\/div>\n\t\t\t\t\t\t\t\t\t\t<\/div>\n\t\t\t\t\t\t\t\t\t\t\t\t<div class=\"banner-at__btn\">\n\t\t\t\t\t\t<a class=\"btn-at\" rel=\"nofollow\" href=\"https:\/\/www.taalhammer.com\/pl\/\" cta-type=\"cta-banner-pl-own-content\" data-cta-track=\"true\" data-cta-position=\"end-text\">Chc\u0119 wiedzie\u0107 wi\u0119cej<\/a>\n\t\t\t\t\t<\/div>\n\t\t\t\t\t\t\t\t\t<\/div>\n\t<\/div>\n<\/div>\n","protected":false},"excerpt":{"rendered":"<p>Przyimki w j\u0119zyku niemieckim to temat, kt\u00f3ry niestety zawsze pomija\u0142am w pocz\u0105tkowych etapach nauki niemieckiego. Wszystko zmieni\u0142o si\u0119 podczas jednego z moich wyjazd\u00f3w do Niemiec. Gdy wysiad\u0142am z poci\u0105gu na&#8230;<\/p>\n","protected":false},"author":5017,"featured_media":9135,"comment_status":"open","ping_status":"closed","sticky":false,"template":"","format":"standard","meta":{"_acf_changed":false,"pmpro_default_level":"","inline_featured_image":false,"footnotes":""},"categories":[265],"tags":[],"class_list":["post-9133","post","type-post","status-publish","format-standard","has-post-thumbnail","hentry","category-nauka-niemieckiego","pmpro-has-access"],"acf":[],"yoast_head":"<!-- This site is optimized with the Yoast SEO Premium plugin v23.4 (Yoast SEO v23.4) - https:\/\/yoast.com\/wordpress\/plugins\/seo\/ -->\n<title>Przyimki w j\u0119zyku niemieckim. Niemieckie przyimki wymagaj\u0105ce u\u017cycia Dativ, Akkusativ, Genitiv | Taalhammer<\/title>\n<meta name=\"description\" content=\"Poznaj przyimki niemieckie \u0142\u0105cz\u0105ce si\u0119 z biernikiem i celownikiem. Po przeczytaniu tego artyku\u0142u ju\u017c nie b\u0119dziesz mie\u0107 w\u0105tpliwo\u015bci, kt\u00f3rego przypadku u\u017cy\u0107!\" \/>\n<meta name=\"robots\" content=\"index, follow, max-snippet:-1, max-image-preview:large, max-video-preview:-1\" \/>\n<link rel=\"canonical\" href=\"https:\/\/www.taalhammer.com\/pl\/przyimki-w-jezyku-niemieckim-dativ-akkusativ-genitiv\/\" \/>\n<meta property=\"og:locale\" content=\"pl_PL\" \/>\n<meta property=\"og:type\" content=\"article\" \/>\n<meta property=\"og:title\" content=\"Przyimki w j\u0119zyku niemieckim. Niemieckie przyimki wymagaj\u0105ce u\u017cycia Dativ, Akkusativ, Genitiv\" \/>\n<meta property=\"og:description\" content=\"Poznaj przyimki niemieckie \u0142\u0105cz\u0105ce si\u0119 z biernikiem i celownikiem. Po przeczytaniu tego artyku\u0142u ju\u017c nie b\u0119dziesz mie\u0107 w\u0105tpliwo\u015bci, kt\u00f3rego przypadku u\u017cy\u0107!\" \/>\n<meta property=\"og:url\" content=\"https:\/\/www.taalhammer.com\/pl\/przyimki-w-jezyku-niemieckim-dativ-akkusativ-genitiv\/\" \/>\n<meta property=\"og:site_name\" content=\"Taalhammer\" \/>\n<meta property=\"article:publisher\" content=\"https:\/\/www.facebook.com\/taalhammer\" \/>\n<meta property=\"article:published_time\" content=\"2024-01-29T17:31:13+00:00\" \/>\n<meta property=\"article:modified_time\" content=\"2025-03-26T18:49:43+00:00\" \/>\n<meta property=\"og:image\" content=\"https:\/\/www.taalhammer.com\/wp-content\/uploads\/2024\/01\/Przyimki-w-jezyku-niemieckim-1024x576.png\" \/>\n\t<meta property=\"og:image:width\" content=\"1024\" \/>\n\t<meta property=\"og:image:height\" content=\"576\" \/>\n\t<meta property=\"og:image:type\" content=\"image\/png\" \/>\n<meta name=\"author\" content=\"Maja Latawiec\" \/>\n<meta name=\"twitter:card\" content=\"summary_large_image\" \/>\n<meta name=\"twitter:creator\" content=\"@taalhammer\" \/>\n<meta name=\"twitter:site\" content=\"@taalhammer\" \/>\n<meta name=\"twitter:label1\" content=\"Napisane przez\" \/>\n\t<meta name=\"twitter:data1\" content=\"Maja Latawiec\" \/>\n\t<meta name=\"twitter:label2\" content=\"Szacowany czas czytania\" \/>\n\t<meta name=\"twitter:data2\" content=\"5 minut\" \/>\n<script type=\"application\/ld+json\" class=\"yoast-schema-graph\">{\"@context\":\"https:\/\/schema.org\",\"@graph\":[{\"@type\":\"Article\",\"@id\":\"https:\/\/www.taalhammer.com\/pl\/przyimki-w-jezyku-niemieckim-dativ-akkusativ-genitiv\/#article\",\"isPartOf\":{\"@id\":\"https:\/\/www.taalhammer.com\/pl\/przyimki-w-jezyku-niemieckim-dativ-akkusativ-genitiv\/\"},\"author\":{\"name\":\"Maja Latawiec\",\"@id\":\"https:\/\/www.taalhammer.com\/pl\/#\/schema\/person\/d5e064c8518f62b709c6c2ca91f260a4\"},\"headline\":\"Przyimki w j\u0119zyku niemieckim. Niemieckie przyimki wymagaj\u0105ce u\u017cycia Dativ, Akkusativ, Genitiv\",\"datePublished\":\"2024-01-29T17:31:13+00:00\",\"dateModified\":\"2025-03-26T18:49:43+00:00\",\"mainEntityOfPage\":{\"@id\":\"https:\/\/www.taalhammer.com\/pl\/przyimki-w-jezyku-niemieckim-dativ-akkusativ-genitiv\/\"},\"wordCount\":1273,\"commentCount\":0,\"publisher\":{\"@id\":\"https:\/\/www.taalhammer.com\/pl\/#organization\"},\"image\":{\"@id\":\"https:\/\/www.taalhammer.com\/pl\/przyimki-w-jezyku-niemieckim-dativ-akkusativ-genitiv\/#primaryimage\"},\"thumbnailUrl\":\"https:\/\/www.taalhammer.com\/wp-content\/uploads\/2024\/01\/Przyimki-w-jezyku-niemieckim.png\",\"articleSection\":[\"Nauka niemieckiego\"],\"inLanguage\":\"pl-PL\",\"potentialAction\":[{\"@type\":\"CommentAction\",\"name\":\"Comment\",\"target\":[\"https:\/\/www.taalhammer.com\/pl\/przyimki-w-jezyku-niemieckim-dativ-akkusativ-genitiv\/#respond\"]}]},{\"@type\":\"WebPage\",\"@id\":\"https:\/\/www.taalhammer.com\/pl\/przyimki-w-jezyku-niemieckim-dativ-akkusativ-genitiv\/\",\"url\":\"https:\/\/www.taalhammer.com\/pl\/przyimki-w-jezyku-niemieckim-dativ-akkusativ-genitiv\/\",\"name\":\"Przyimki w j\u0119zyku niemieckim. Niemieckie przyimki wymagaj\u0105ce u\u017cycia Dativ, Akkusativ, Genitiv | Taalhammer\",\"isPartOf\":{\"@id\":\"https:\/\/www.taalhammer.com\/pl\/#website\"},\"primaryImageOfPage\":{\"@id\":\"https:\/\/www.taalhammer.com\/pl\/przyimki-w-jezyku-niemieckim-dativ-akkusativ-genitiv\/#primaryimage\"},\"image\":{\"@id\":\"https:\/\/www.taalhammer.com\/pl\/przyimki-w-jezyku-niemieckim-dativ-akkusativ-genitiv\/#primaryimage\"},\"thumbnailUrl\":\"https:\/\/www.taalhammer.com\/wp-content\/uploads\/2024\/01\/Przyimki-w-jezyku-niemieckim.png\",\"datePublished\":\"2024-01-29T17:31:13+00:00\",\"dateModified\":\"2025-03-26T18:49:43+00:00\",\"description\":\"Poznaj przyimki niemieckie \u0142\u0105cz\u0105ce si\u0119 z biernikiem i celownikiem. Po przeczytaniu tego artyku\u0142u ju\u017c nie b\u0119dziesz mie\u0107 w\u0105tpliwo\u015bci, kt\u00f3rego przypadku u\u017cy\u0107!\",\"breadcrumb\":{\"@id\":\"https:\/\/www.taalhammer.com\/pl\/przyimki-w-jezyku-niemieckim-dativ-akkusativ-genitiv\/#breadcrumb\"},\"inLanguage\":\"pl-PL\",\"potentialAction\":[{\"@type\":\"ReadAction\",\"target\":[\"https:\/\/www.taalhammer.com\/pl\/przyimki-w-jezyku-niemieckim-dativ-akkusativ-genitiv\/\"]}]},{\"@type\":\"ImageObject\",\"inLanguage\":\"pl-PL\",\"@id\":\"https:\/\/www.taalhammer.com\/pl\/przyimki-w-jezyku-niemieckim-dativ-akkusativ-genitiv\/#primaryimage\",\"url\":\"https:\/\/www.taalhammer.com\/wp-content\/uploads\/2024\/01\/Przyimki-w-jezyku-niemieckim.png\",\"contentUrl\":\"https:\/\/www.taalhammer.com\/wp-content\/uploads\/2024\/01\/Przyimki-w-jezyku-niemieckim.png\",\"width\":1920,\"height\":1080},{\"@type\":\"BreadcrumbList\",\"@id\":\"https:\/\/www.taalhammer.com\/pl\/przyimki-w-jezyku-niemieckim-dativ-akkusativ-genitiv\/#breadcrumb\",\"itemListElement\":[{\"@type\":\"ListItem\",\"position\":1,\"name\":\"Home\",\"item\":\"https:\/\/www.taalhammer.com\/pl\/\"},{\"@type\":\"ListItem\",\"position\":2,\"name\":\"Przyimki w j\u0119zyku niemieckim. Niemieckie przyimki wymagaj\u0105ce u\u017cycia Dativ, Akkusativ, Genitiv\"}]},{\"@type\":\"WebSite\",\"@id\":\"https:\/\/www.taalhammer.com\/pl\/#website\",\"url\":\"https:\/\/www.taalhammer.com\/pl\/\",\"name\":\"Taalhammer\",\"description\":\"Stop mumbling, start to speak\",\"publisher\":{\"@id\":\"https:\/\/www.taalhammer.com\/pl\/#organization\"},\"potentialAction\":[{\"@type\":\"SearchAction\",\"target\":{\"@type\":\"EntryPoint\",\"urlTemplate\":\"https:\/\/www.taalhammer.com\/pl\/?s={search_term_string}\"},\"query-input\":{\"@type\":\"PropertyValueSpecification\",\"valueRequired\":true,\"valueName\":\"search_term_string\"}}],\"inLanguage\":\"pl-PL\"},{\"@type\":\"Organization\",\"@id\":\"https:\/\/www.taalhammer.com\/pl\/#organization\",\"name\":\"Taalhammer\",\"url\":\"https:\/\/www.taalhammer.com\/pl\/\",\"logo\":{\"@type\":\"ImageObject\",\"inLanguage\":\"pl-PL\",\"@id\":\"https:\/\/www.taalhammer.com\/pl\/#\/schema\/logo\/image\/\",\"url\":\"https:\/\/www.taalhammer.com\/wp-content\/uploads\/2019\/06\/Taalhammer_B_W_cut_negative.png\",\"contentUrl\":\"https:\/\/www.taalhammer.com\/wp-content\/uploads\/2019\/06\/Taalhammer_B_W_cut_negative.png\",\"width\":290,\"height\":256,\"caption\":\"Taalhammer\"},\"image\":{\"@id\":\"https:\/\/www.taalhammer.com\/pl\/#\/schema\/logo\/image\/\"},\"sameAs\":[\"https:\/\/www.facebook.com\/taalhammer\",\"https:\/\/x.com\/taalhammer\",\"https:\/\/www.instagram.com\/taalhammer_pl\/\"]},{\"@type\":\"Person\",\"@id\":\"https:\/\/www.taalhammer.com\/pl\/#\/schema\/person\/d5e064c8518f62b709c6c2ca91f260a4\",\"name\":\"Maja Latawiec\",\"image\":{\"@type\":\"ImageObject\",\"inLanguage\":\"pl-PL\",\"@id\":\"https:\/\/www.taalhammer.com\/pl\/#\/schema\/person\/image\/\",\"url\":\"https:\/\/secure.gravatar.com\/avatar\/c29dacaeb43622007fd3065f17ebe73f5110e145533ce735ca59f6739d028999?s=96&d=mm&r=g\",\"contentUrl\":\"https:\/\/secure.gravatar.com\/avatar\/c29dacaeb43622007fd3065f17ebe73f5110e145533ce735ca59f6739d028999?s=96&d=mm&r=g\",\"caption\":\"Maja Latawiec\"},\"description\":\"Maja jest studentk\u0105 ostatniego roku filologii angielskiej z niemieckim. Nauka j\u0119zyk\u00f3w i podr\u00f3\u017cowanie od zawsze by\u0142y jej pasj\u0105. M\u00f3wi p\u0142ynnie w j\u0119zyku angielskim i niemieckim, a wolnym czasie uczy si\u0119 j\u0119zyka w\u0142oskiego. Interesuje si\u0119 r\u00f3wnie\u017c literatur\u0105 angielsk\u0105 i fotografi\u0105.\",\"url\":\"https:\/\/www.taalhammer.com\/pl\/author\/latawiecmaja6801\/\"}]}<\/script>\n<!-- \/ Yoast SEO Premium plugin. -->","yoast_head_json":{"title":"Przyimki w j\u0119zyku niemieckim. Niemieckie przyimki wymagaj\u0105ce u\u017cycia Dativ, Akkusativ, Genitiv | Taalhammer","description":"Poznaj przyimki niemieckie \u0142\u0105cz\u0105ce si\u0119 z biernikiem i celownikiem. Po przeczytaniu tego artyku\u0142u ju\u017c nie b\u0119dziesz mie\u0107 w\u0105tpliwo\u015bci, kt\u00f3rego przypadku u\u017cy\u0107!","robots":{"index":"index","follow":"follow","max-snippet":"max-snippet:-1","max-image-preview":"max-image-preview:large","max-video-preview":"max-video-preview:-1"},"canonical":"https:\/\/www.taalhammer.com\/pl\/przyimki-w-jezyku-niemieckim-dativ-akkusativ-genitiv\/","og_locale":"pl_PL","og_type":"article","og_title":"Przyimki w j\u0119zyku niemieckim. Niemieckie przyimki wymagaj\u0105ce u\u017cycia Dativ, Akkusativ, Genitiv","og_description":"Poznaj przyimki niemieckie \u0142\u0105cz\u0105ce si\u0119 z biernikiem i celownikiem. Po przeczytaniu tego artyku\u0142u ju\u017c nie b\u0119dziesz mie\u0107 w\u0105tpliwo\u015bci, kt\u00f3rego przypadku u\u017cy\u0107!","og_url":"https:\/\/www.taalhammer.com\/pl\/przyimki-w-jezyku-niemieckim-dativ-akkusativ-genitiv\/","og_site_name":"Taalhammer","article_publisher":"https:\/\/www.facebook.com\/taalhammer","article_published_time":"2024-01-29T17:31:13+00:00","article_modified_time":"2025-03-26T18:49:43+00:00","og_image":[{"width":1024,"height":576,"url":"https:\/\/www.taalhammer.com\/wp-content\/uploads\/2024\/01\/Przyimki-w-jezyku-niemieckim-1024x576.png","type":"image\/png"}],"author":"Maja Latawiec","twitter_card":"summary_large_image","twitter_creator":"@taalhammer","twitter_site":"@taalhammer","twitter_misc":{"Napisane przez":"Maja Latawiec","Szacowany czas czytania":"5 minut"},"schema":{"@context":"https:\/\/schema.org","@graph":[{"@type":"Article","@id":"https:\/\/www.taalhammer.com\/pl\/przyimki-w-jezyku-niemieckim-dativ-akkusativ-genitiv\/#article","isPartOf":{"@id":"https:\/\/www.taalhammer.com\/pl\/przyimki-w-jezyku-niemieckim-dativ-akkusativ-genitiv\/"},"author":{"name":"Maja Latawiec","@id":"https:\/\/www.taalhammer.com\/pl\/#\/schema\/person\/d5e064c8518f62b709c6c2ca91f260a4"},"headline":"Przyimki w j\u0119zyku niemieckim. Niemieckie przyimki wymagaj\u0105ce u\u017cycia Dativ, Akkusativ, Genitiv","datePublished":"2024-01-29T17:31:13+00:00","dateModified":"2025-03-26T18:49:43+00:00","mainEntityOfPage":{"@id":"https:\/\/www.taalhammer.com\/pl\/przyimki-w-jezyku-niemieckim-dativ-akkusativ-genitiv\/"},"wordCount":1273,"commentCount":0,"publisher":{"@id":"https:\/\/www.taalhammer.com\/pl\/#organization"},"image":{"@id":"https:\/\/www.taalhammer.com\/pl\/przyimki-w-jezyku-niemieckim-dativ-akkusativ-genitiv\/#primaryimage"},"thumbnailUrl":"https:\/\/www.taalhammer.com\/wp-content\/uploads\/2024\/01\/Przyimki-w-jezyku-niemieckim.png","articleSection":["Nauka niemieckiego"],"inLanguage":"pl-PL","potentialAction":[{"@type":"CommentAction","name":"Comment","target":["https:\/\/www.taalhammer.com\/pl\/przyimki-w-jezyku-niemieckim-dativ-akkusativ-genitiv\/#respond"]}]},{"@type":"WebPage","@id":"https:\/\/www.taalhammer.com\/pl\/przyimki-w-jezyku-niemieckim-dativ-akkusativ-genitiv\/","url":"https:\/\/www.taalhammer.com\/pl\/przyimki-w-jezyku-niemieckim-dativ-akkusativ-genitiv\/","name":"Przyimki w j\u0119zyku niemieckim. Niemieckie przyimki wymagaj\u0105ce u\u017cycia Dativ, Akkusativ, Genitiv | Taalhammer","isPartOf":{"@id":"https:\/\/www.taalhammer.com\/pl\/#website"},"primaryImageOfPage":{"@id":"https:\/\/www.taalhammer.com\/pl\/przyimki-w-jezyku-niemieckim-dativ-akkusativ-genitiv\/#primaryimage"},"image":{"@id":"https:\/\/www.taalhammer.com\/pl\/przyimki-w-jezyku-niemieckim-dativ-akkusativ-genitiv\/#primaryimage"},"thumbnailUrl":"https:\/\/www.taalhammer.com\/wp-content\/uploads\/2024\/01\/Przyimki-w-jezyku-niemieckim.png","datePublished":"2024-01-29T17:31:13+00:00","dateModified":"2025-03-26T18:49:43+00:00","description":"Poznaj przyimki niemieckie \u0142\u0105cz\u0105ce si\u0119 z biernikiem i celownikiem. Po przeczytaniu tego artyku\u0142u ju\u017c nie b\u0119dziesz mie\u0107 w\u0105tpliwo\u015bci, kt\u00f3rego przypadku u\u017cy\u0107!","breadcrumb":{"@id":"https:\/\/www.taalhammer.com\/pl\/przyimki-w-jezyku-niemieckim-dativ-akkusativ-genitiv\/#breadcrumb"},"inLanguage":"pl-PL","potentialAction":[{"@type":"ReadAction","target":["https:\/\/www.taalhammer.com\/pl\/przyimki-w-jezyku-niemieckim-dativ-akkusativ-genitiv\/"]}]},{"@type":"ImageObject","inLanguage":"pl-PL","@id":"https:\/\/www.taalhammer.com\/pl\/przyimki-w-jezyku-niemieckim-dativ-akkusativ-genitiv\/#primaryimage","url":"https:\/\/www.taalhammer.com\/wp-content\/uploads\/2024\/01\/Przyimki-w-jezyku-niemieckim.png","contentUrl":"https:\/\/www.taalhammer.com\/wp-content\/uploads\/2024\/01\/Przyimki-w-jezyku-niemieckim.png","width":1920,"height":1080},{"@type":"BreadcrumbList","@id":"https:\/\/www.taalhammer.com\/pl\/przyimki-w-jezyku-niemieckim-dativ-akkusativ-genitiv\/#breadcrumb","itemListElement":[{"@type":"ListItem","position":1,"name":"Home","item":"https:\/\/www.taalhammer.com\/pl\/"},{"@type":"ListItem","position":2,"name":"Przyimki w j\u0119zyku niemieckim. Niemieckie przyimki wymagaj\u0105ce u\u017cycia Dativ, Akkusativ, Genitiv"}]},{"@type":"WebSite","@id":"https:\/\/www.taalhammer.com\/pl\/#website","url":"https:\/\/www.taalhammer.com\/pl\/","name":"Taalhammer","description":"Stop mumbling, start to speak","publisher":{"@id":"https:\/\/www.taalhammer.com\/pl\/#organization"},"potentialAction":[{"@type":"SearchAction","target":{"@type":"EntryPoint","urlTemplate":"https:\/\/www.taalhammer.com\/pl\/?s={search_term_string}"},"query-input":{"@type":"PropertyValueSpecification","valueRequired":true,"valueName":"search_term_string"}}],"inLanguage":"pl-PL"},{"@type":"Organization","@id":"https:\/\/www.taalhammer.com\/pl\/#organization","name":"Taalhammer","url":"https:\/\/www.taalhammer.com\/pl\/","logo":{"@type":"ImageObject","inLanguage":"pl-PL","@id":"https:\/\/www.taalhammer.com\/pl\/#\/schema\/logo\/image\/","url":"https:\/\/www.taalhammer.com\/wp-content\/uploads\/2019\/06\/Taalhammer_B_W_cut_negative.png","contentUrl":"https:\/\/www.taalhammer.com\/wp-content\/uploads\/2019\/06\/Taalhammer_B_W_cut_negative.png","width":290,"height":256,"caption":"Taalhammer"},"image":{"@id":"https:\/\/www.taalhammer.com\/pl\/#\/schema\/logo\/image\/"},"sameAs":["https:\/\/www.facebook.com\/taalhammer","https:\/\/x.com\/taalhammer","https:\/\/www.instagram.com\/taalhammer_pl\/"]},{"@type":"Person","@id":"https:\/\/www.taalhammer.com\/pl\/#\/schema\/person\/d5e064c8518f62b709c6c2ca91f260a4","name":"Maja Latawiec","image":{"@type":"ImageObject","inLanguage":"pl-PL","@id":"https:\/\/www.taalhammer.com\/pl\/#\/schema\/person\/image\/","url":"https:\/\/secure.gravatar.com\/avatar\/c29dacaeb43622007fd3065f17ebe73f5110e145533ce735ca59f6739d028999?s=96&d=mm&r=g","contentUrl":"https:\/\/secure.gravatar.com\/avatar\/c29dacaeb43622007fd3065f17ebe73f5110e145533ce735ca59f6739d028999?s=96&d=mm&r=g","caption":"Maja Latawiec"},"description":"Maja jest studentk\u0105 ostatniego roku filologii angielskiej z niemieckim. Nauka j\u0119zyk\u00f3w i podr\u00f3\u017cowanie od zawsze by\u0142y jej pasj\u0105. M\u00f3wi p\u0142ynnie w j\u0119zyku angielskim i niemieckim, a wolnym czasie uczy si\u0119 j\u0119zyka w\u0142oskiego. Interesuje si\u0119 r\u00f3wnie\u017c literatur\u0105 angielsk\u0105 i fotografi\u0105.","url":"https:\/\/www.taalhammer.com\/pl\/author\/latawiecmaja6801\/"}]}},"_links":{"self":[{"href":"https:\/\/www.taalhammer.com\/pl\/wp-json\/wp\/v2\/posts\/9133","targetHints":{"allow":["GET"]}}],"collection":[{"href":"https:\/\/www.taalhammer.com\/pl\/wp-json\/wp\/v2\/posts"}],"about":[{"href":"https:\/\/www.taalhammer.com\/pl\/wp-json\/wp\/v2\/types\/post"}],"author":[{"embeddable":true,"href":"https:\/\/www.taalhammer.com\/pl\/wp-json\/wp\/v2\/users\/5017"}],"replies":[{"embeddable":true,"href":"https:\/\/www.taalhammer.com\/pl\/wp-json\/wp\/v2\/comments?post=9133"}],"version-history":[{"count":5,"href":"https:\/\/www.taalhammer.com\/pl\/wp-json\/wp\/v2\/posts\/9133\/revisions"}],"predecessor-version":[{"id":13795,"href":"https:\/\/www.taalhammer.com\/pl\/wp-json\/wp\/v2\/posts\/9133\/revisions\/13795"}],"wp:featuredmedia":[{"embeddable":true,"href":"https:\/\/www.taalhammer.com\/pl\/wp-json\/wp\/v2\/media\/9135"}],"wp:attachment":[{"href":"https:\/\/www.taalhammer.com\/pl\/wp-json\/wp\/v2\/media?parent=9133"}],"wp:term":[{"taxonomy":"category","embeddable":true,"href":"https:\/\/www.taalhammer.com\/pl\/wp-json\/wp\/v2\/categories?post=9133"},{"taxonomy":"post_tag","embeddable":true,"href":"https:\/\/www.taalhammer.com\/pl\/wp-json\/wp\/v2\/tags?post=9133"}],"curies":[{"name":"wp","href":"https:\/\/api.w.org\/{rel}","templated":true}]}}