{"id":9108,"date":"2024-01-29T16:37:14","date_gmt":"2024-01-29T16:37:14","guid":{"rendered":"https:\/\/www.taalhammer.com\/?p=9108"},"modified":"2025-03-15T00:49:37","modified_gmt":"2025-03-15T00:49:37","slug":"owoce-warzywa-po-niemiecku","status":"publish","type":"post","link":"https:\/\/www.taalhammer.com\/pl\/owoce-warzywa-po-niemiecku\/","title":{"rendered":"Owoce i warzywa po niemiecku (Obst und Gem\u00fcse)"},"content":{"rendered":"\n<p>Gdy jeszcze mieszka\u0142am w Niemczech, w ka\u017cdy weekend widzia\u0142am przez swoje okno otwarcie targu warzywno-owocowego. Od samego rana przyci\u0105ga\u0142 on do\u015b\u0107 spor\u0105 liczb\u0119 ludzi. Nic dziwnego, w ko\u0144cu towar sprzedawany przez lokalnych sprzedawc\u00f3w by\u0142 zdrowszy, \u015bwie\u017cszy i ta\u0144szy od tego w supermarketach, gdzie do tej pory sama robi\u0142am zakupy. L\u0119k przed rozmow\u0105, brak znajomo\u015bci nazw owoc\u00f3w i warzyw po niemiecku oraz brak kas samoobs\u0142ugowych d\u0142ugo mnie powstrzymywa\u0142y, jednak pewnego dnia postanowi\u0142am si\u0119 prze\u0142ama\u0107.&nbsp;<\/p>\n\n\n\n<p>Podczas mojej pierwszej wizyty na targu zbyt mocno si\u0119 stresowa\u0142am i jedyne s\u0142owo, kt\u00f3re wtedy mog\u0142am sobie wtedy przypomnie\u0107 to <strong>der Apfel, <\/strong>czyli jab\u0142ko. Kupi\u0142am wi\u0119c par\u0119 jab\u0142ek i obieca\u0142am sobie, \u017ce wr\u00f3c\u0119 tam w przysz\u0142y weekend i do tego czasu naucz\u0119 si\u0119 wi\u0119cej s\u0142\u00f3wek. Znalaz\u0142am motywacj\u0119, dzi\u0119ki kt\u00f3rej z tygodnia na tydzie\u0144 powi\u0119ksza\u0142 si\u0119 zas\u00f3b mojego s\u0142ownictwa i nagle cotygodniowe zakupy na targu zacz\u0119\u0142y sprawia\u0107 mi ogromn\u0105 satysfakcj\u0119. Widzia\u0142am, jak szybko robi\u0119 post\u0119py i w kr\u00f3tkim czasie opanowa\u0142am wszystkie owoce i warzywa po niemiecku. Je\u015bli, tak jak ja, lubisz gotowa\u0107 zdrowe posi\u0142ki i owoce i warzywa stanowi\u0105 du\u017c\u0105 cz\u0119\u015b\u0107 twojej diety, to gor\u0105co zach\u0119cam ci\u0119 do robienia zakup\u00f3w na targach.&nbsp;<\/p>\n\n\n\n<p>W tym artykule poznasz s\u0142ownictwo oraz wskaz\u00f3wki, kt\u00f3re przygotuj\u0105 ci\u0119 do rozm\u00f3w z miejscowymi sprzedawcami. Zaczynajmy!<\/p>\n\n\n<style>\n\t#banner-section-3-at-block_255b9482613c39e07165a0c2cafd7b20.banner-at--bg{\n\t\t\tbackground-image: url('https:\/\/www.taalhammer.com\/wp-content\/themes\/taalhammer-theme\/assets\/images\/png\/banner-bg4.png');\n\t\t\tbackground-color: #ffffff;\n\t\t\tborder: 0px solid #FFD600;\n\t}\n\t@media only screen and (max-width: 550px) {\n\t\t#banner-section-3-at-block_255b9482613c39e07165a0c2cafd7b20.banner-at--bg {\n\t\t\tbackground-image: url('https:\/\/www.taalhammer.com\/wp-content\/themes\/taalhammer-theme\/assets\/images\/png\/banner-bg4-mob.png');\n\t\t\tborder: none;\n\t\t}\n\t}\n\t@media only screen and (max-width: 916px) {\n\t\tmain #banner-section-3-at-block_255b9482613c39e07165a0c2cafd7b20.banner-at--bg {\n\t\t\tbackground-image: url('https:\/\/www.taalhammer.com\/wp-content\/themes\/taalhammer-theme\/assets\/images\/png\/banner-bg4-mob.png');\n\t\t\tborder: none;\n\t\t}\n\t}\n\t#banner-section-3-at-block_255b9482613c39e07165a0c2cafd7b20 .banner-at__subtitle {\n\t\tcolor: #FFD600;\n\t}\n\t#banner-section-3-at-block_255b9482613c39e07165a0c2cafd7b20 .banner-at__title {\n\t\tcolor: #ffffff;\n\t}\n\t#banner-section-3-at-block_255b9482613c39e07165a0c2cafd7b20 .banner-at__content .content-at__text{\n\t\tcolor: #ffffff;\n\t}\n\t#banner-section-3-at-block_255b9482613c39e07165a0c2cafd7b20 .banner-at__btn .btn-at {\n\t\tbackground: inherit;\n\t\tcolor: #ffffff;\n\t\tborder: 1px solid rgba(255, 214, 0, 1);\n\t\tbox-shadow: none;\n\t}\n\t#banner-section-3-at-block_255b9482613c39e07165a0c2cafd7b20 .banner-at__btn .btn-at:hover {\n\t\tbackground: #ffd600;\n\t\tcolor: #161616;\n\t\tborder: 1px solid rgba(255, 214, 0, 1);\n\t}\n<\/style>\n<div class=\"banner-at at-ff banner-at--bg\" id=\"banner-section-3-at-block_255b9482613c39e07165a0c2cafd7b20\">\n\t<div class=\"banner-at__wrap banner-at__wrap--end\">\n\t\t\t\t<div class=\"banner-at__right\">\n\t\t\t\t\t\t\t\t\t\t\t\t\t\t<div class=\"banner-at__subtitle\">Wydajna i spersonalizowana<\/div>\n\t\t\t\t\t\t\t\t\t\t\t\t\t\t\t\t\t\t<div class=\"banner-at__title\">Ucz si\u0119 j\u0119zyka niemieckiego z aplikacj\u0105 Taalhammer<\/div>\n\t\t\t\t\t\t\t\t<div class=\"banner-at__content content-at\">\n\t\t\t\t\t\t\t\t\t\t\t\t<div class=\"content-at__text\">Stw\u00f3rz swoje w\u0142asne s\u0142owa i zwroty, kt\u00f3re b\u0119dziesz m\u00f3g\u0142 od razu zastosowa\u0107 w codziennych sytuacjach.<\/div>\n\t\t\t\t\t\t\t\t\t\t<\/div>\n\t\t\t\t\t\t\t\t\t\t\t\t<div class=\"banner-at__btn\">\n\t\t\t\t\t\t<a class=\"btn-at\" rel=\"nofollow\" href=\"https:\/\/www.taalhammer.com\/pl\/\" cta-type=\"cta-banner-pl-own-content\" data-cta-track=\"true\" data-cta-position=\"start-text\">Chc\u0119 wiedzie\u0107 wi\u0119cej<\/a>\n\t\t\t\t\t<\/div>\n\t\t\t\t\t\t\t\t\t<\/div>\n\t<\/div>\n<\/div>\n\n\n\n<div class=\"wp-block-ht-block-toc  is-style-outline htoc htoc--position-wide toc-list-style-plain\" data-htoc-state=\"expanded\"><span class=\"htoc__title\"><span class=\"ht_toc_title\">Spis tre\u015bci<\/span><span class=\"htoc__toggle\"><svg xmlns=\"http:\/\/www.w3.org\/2000\/svg\" width=\"16\" height=\"16\"><g fill=\"#444\"><path d=\"M15 7H1c-.6 0-1 .4-1 1s.4 1 1 1h14c.6 0 1-.4 1-1s-.4-1-1-1z\"><\/path><path d=\"M15 1H1c-.6 0-1 .4-1 1s.4 1 1 1h14c.6 0 1-.4 1-1s-.4-1-1-1zM15 13H1c-.6 0-1 .4-1 1s.4 1 1 1h14c.6 0 1-.4 1-1s-.4-1-1-1z\"><\/path><\/g><\/svg><\/span><\/span><div class=\"htoc__itemswrap\"><ul class=\"ht_toc_list\"><li class=\"\"><a href=\"#htoc-owoce-po-niemiecku-das-obst\">Owoce po niemiecku &#8211; das Obst<\/a><ul class=\"ht_toc_child_list\"><li class=\"\"><a href=\"#htoc-cytrusy-zitrusfr-chte\">Cytrusy &#8211; Zitrusfr\u00fcchte<\/a><\/li><li class=\"\"><a href=\"#htoc-owoce-pestkowe-steinfr-chte\">Owoce pestkowe &#8211; Steinfr\u00fcchte<\/a><\/li><li class=\"\"><a href=\"#htoc-owoce-jagodowe-beerenobst\">Owoce jagodowe &#8211; Beerenobst<\/a><\/li><li class=\"\"><a href=\"#htoc-owoce-tropikalne-exotische-fr-chte\">Owoce tropikalne- exotische Fr\u00fcchte<\/a><\/li><li class=\"\"><a href=\"#htoc-owoce-ziarnkowe-kernobst\">Owoce ziarnkowe &#8211; Kernobst<\/a><\/li><\/ul><\/li><li class=\"\"><a href=\"#htoc-warzywa-po-niemiecku-das-gem-se\">Warzywa po niemiecku &#8211; das Gem\u00fcse<\/a><ul class=\"ht_toc_child_list\"><li class=\"\"><a href=\"#htoc-warzywa-korzeniowe-wurzelgem-se\">Warzywa korzeniowe &#8211; Wurzelgem\u00fcse<\/a><\/li><li class=\"\"><a href=\"#htoc-owoce-warzywa-fruchtgem-se\">&#8220;Owoce&#8221; warzywa &#8211; Fruchtgem\u00fcse<\/a><\/li><li class=\"\"><a href=\"#htoc-warzywa-bulwiaste-knollengem-se\">Warzywa bulwiaste &#8211; Knollengem\u00fcse<\/a><\/li><li class=\"\"><a href=\"#htoc-warzywa-kwiatowe-bl-tengem-se\">Warzywa kwiatowe &#8211; Bl\u00fctengem\u00fcse<\/a><\/li><li class=\"\"><a href=\"#htoc-warzywa-li-ciaste-blattgem-se\">Warzywa li\u015bciaste &#8211; Blattgem\u00fcse<\/a><\/li><li class=\"\"><a href=\"#htoc-ro-liny-str-czkowe-h-lsenfr-chte\">Ro\u015bliny str\u0105czkowe &#8211; H\u00fclsenfr\u00fcchte<\/a><\/li><\/ul><\/li><li class=\"\"><a href=\"#htoc-powiedzenia-i-idiomy-zwi-zane-owocami-i-warzywami\">Powiedzenia i idiomy zwi\u0105zane owocami i warzywami<\/a><\/li><li class=\"\"><a href=\"#htoc-przydatne-s-ownictwo-zwi-zane-z-owocami-i-warzywami-w-j-zyku-niemieckim\">Przydatne s\u0142ownictwo zwi\u0105zane z owocami i warzywami w j\u0119zyku niemieckim<\/a><\/li><li class=\"\"><a href=\"#htoc-nauka-z-aplikacj-taalhammer-opanuj-s-ownictwo-zwi-zane-z-owocami-i-warzywami-po-niemiecku\">Nauka z aplikacj\u0105 Taalhammer &#8211; opanuj s\u0142ownictwo zwi\u0105zane z owocami i warzywami po niemiecku!&nbsp;<\/a><\/li><\/ul><\/div><\/div>\n\n\n\n<h2 class=\"wp-block-heading\" id=\"htoc-owoce-po-niemiecku-das-obst\"><strong>Owoce po niemiecku &#8211; das Obst<\/strong><\/h2>\n\n\n\n<p>Zacznijmy od owoc\u00f3w. S\u0142owa <strong>das Obst<\/strong> i <strong>die Fr\u00fcchte<\/strong> oba oznaczaj\u0105 \u201cowoce\u201d. Jest jednak pomi\u0119dzy nimi pewna r\u00f3\u017cnica. S\u0142owo <strong>das Obst<\/strong> (owoce) to poj\u0119cie zbiorcze i nie ma liczby mnogiej. Jest poj\u0119ciem bardziej og\u00f3lnym i niepoliczalnym. U\u017cyjemy go na przyk\u0142ad w zdaniu <strong>Ich esse gern Obst<\/strong> (Lubi\u0119 je\u015b\u0107 owoce) albo <strong>Obst ist gesund<\/strong> (Owoce s\u0105 zdrowe). Natomiast s\u0142owo <strong>die Frucht<\/strong> (owoc) jest policzalne, a co za tym idzie, posiada liczb\u0119 mnog\u0105 <strong>die Fr\u00fcchte<\/strong> (owoce). Mo\u017ce oznacza\u0107 owoc w sensie \u201c\u017cniwo\/plon\u201d lub konkretnie owoc jako cz\u0119\u015b\u0107 ro\u015bliny np.<strong> Der Apfel ist die Frucht des Apfelbaumes <\/strong>(Jab\u0142ko jest owocem jab\u0142oni). W mowie potocznej Niemcy cz\u0119sto traktuj\u0105 te s\u0142owa jak synonimy.&nbsp;<\/p>\n\n\n\n<p>W tym artykule wyr\u00f3\u017cni\u0142am pi\u0119\u0107 rodzaj\u00f3w owoc\u00f3w. S\u0105 to:<\/p>\n\n\n\n<figure class=\"wp-block-table\"><table class=\"has-fixed-layout\"><thead><tr><th>Niemiecki<\/th><th>Polski<\/th><\/tr><\/thead><tbody><tr><td><strong>die Zitrusfr\u00fcchte<\/strong><\/td><td>cytrusy<\/td><\/tr><tr><td><strong>die Steinfr\u00fcchte<\/strong><\/td><td>owoce pestkowe<\/td><\/tr><tr><td><strong>das Beerenobst<\/strong><\/td><td>owoce jagodowe<\/td><\/tr><tr><td><strong>die exotischen Fr\u00fcchte<\/strong><\/td><td>owoce tropikalne<\/td><\/tr><tr><td><strong>das Kernobst<\/strong><\/td><td>owoce ziarnkowe<\/td><\/tr><\/tbody><\/table><\/figure>\n\n\n\n<p>Zapami\u0119taj, \u017ce ponad 90% nazw owoc\u00f3w ma <a href=\"https:\/\/www.taalhammer.com\/pl\/kiedy-uzyc-rodzajnika-die-rzeczowniki-niemieckie-rodzaju-zenskiego\/\">rodzajnik <strong>die<\/strong><\/a> (w poni\u017cszym zestawieniu znajdziesz tylko trzy owoce z <a href=\"https:\/\/www.taalhammer.com\/pl\/rzeczowniki-niemieckiego-rodzaju-meskiego\/\">rodzajnikiem <strong>der<\/strong><\/a>). U\u0142atwi ci to p\u00f3\u017aniej pos\u0142ugiwanie si\u0119 nazwami owoc\u00f3w w zdaniach.<\/p>\n\n\n\n<h3 class=\"wp-block-heading\" id=\"htoc-cytrusy-zitrusfr-chte\"><strong>Cytrusy &#8211; Zitrusfr\u00fcchte<\/strong><\/h3>\n\n\n\n<p>Cytrusy to grupa owoc\u00f3w, kt\u00f3re znane s\u0105 na ca\u0142ym \u015bwiecie ze swoich w\u0142a\u015bciwo\u015bci zdrowotnych. Cho\u0107 klimat w Niemczech nie sprzyja uprawie cytrus\u00f3w na du\u017c\u0105 skal\u0119, s\u0105 one niezwykle cenione zar\u00f3wno ze wzgl\u0119du na ich smak, jak i jako \u017ar\u00f3d\u0142o witamin i antyoksydant\u00f3w.<\/p>\n\n\n\n<figure class=\"wp-block-table\"><table class=\"has-fixed-layout\"><thead><tr><th>Niemiecki<\/th><th>Polski<\/th><\/tr><\/thead><tbody><tr><td><strong>die Zitrusfr\u00fcchte<\/strong><\/td><td>cytrusy<\/td><\/tr><tr><td><strong>die Grapefruit<\/strong><\/td><td>grejpfrut<\/td><\/tr><tr><td><strong>die Limette\/Limone<\/strong><\/td><td>limonka<\/td><\/tr><tr><td><strong>die Mandarine<\/strong><\/td><td>mandarynka<\/td><\/tr><tr><td><strong>die Orange<\/strong><\/td><td>pomara\u0144cza<\/td><\/tr><tr><td><strong>die Pomelo<\/strong><\/td><td>pomelo<\/td><\/tr><tr><td><strong>die Zitrone<\/strong><\/td><td>cytryna<\/td><\/tr><\/tbody><\/table><\/figure>\n\n\n\n<h3 class=\"wp-block-heading\" id=\"htoc-owoce-pestkowe-steinfr-chte\"><strong>Owoce pestkowe &#8211; Steinfr\u00fcchte<\/strong><\/h3>\n\n\n\n<p>Ciekawostka: Na niemieckich jarmarkach bo\u017conarodzeniowych (szczeg\u00f3lnie we Frankonii i Bawarii sprzedawane s\u0105 tak zwane <a href=\"https:\/\/pl.wikipedia.org\/wiki\/Pflaumentoffel\" target=\"_blank\" rel=\"noreferrer noopener\"><strong>Pflaumentoffel,<\/strong> <\/a>czyli ludziki z pieczonych \u015bliwek (<strong>M\u00e4nnlein aus Backpflaumen<\/strong>)<em>. <\/em>Maj\u0105 ok. 15 cm wysoko\u015bci i przedstawiaj\u0105 kominiarzy, kr\u00f3l\u00f3w lub postacie z bajek.&nbsp;<\/p>\n\n\n\n<figure class=\"wp-block-table\"><table class=\"has-fixed-layout\"><thead><tr><th>Niemiecki<\/th><th>Polski<\/th><\/tr><\/thead><tbody><tr><td><strong>die Steinfr\u00fcchte<\/strong><\/td><td>owoce pestkowe<\/td><\/tr><tr><td><strong>die Mirabelle<\/strong><\/td><td>mirabelka<\/td><\/tr><tr><td><strong>die Nektarine<\/strong><\/td><td>nektarynka<\/td><\/tr><tr><td><strong>der Pfirsich<\/strong><\/td><td>brzoskwinia<\/td><\/tr><tr><td><strong>die Pflaume<\/strong><\/td><td>\u015bliwka<\/td><\/tr><tr><td><strong>die Marille\/Aprikose<\/strong><\/td><td>morela<\/td><\/tr><tr><td><strong>die Olive<\/strong><\/td><td>oliwka<\/td><\/tr><tr><td><strong>die Kirsche<\/strong><\/td><td>wi\u015bnia<\/td><\/tr><tr><td><strong>die S\u00fc\u00dfkirsche<\/strong><\/td><td>czere\u015bnia<\/td><\/tr><tr><td><strong>die Kokosnuss<\/strong><\/td><td>kokos<\/td><\/tr><\/tbody><\/table><\/figure>\n\n\n\n<h3 class=\"wp-block-heading\" id=\"htoc-owoce-jagodowe-beerenobst\"><strong>Owoce jagodowe &#8211; <\/strong><strong>Beerenobst<\/strong><\/h3>\n\n\n\n<p>Zauwa\u017c, \u017ce wszystkie nazwy owoc\u00f3w znajduj\u0105cych si\u0119 poni\u017cej sk\u0142adaj\u0105 si\u0119 z dw\u00f3ch cz\u0119\u015bci. Drug\u0105 z nich jest zawsze <strong>die<\/strong> <strong>Beere,<\/strong> czyli jagoda! Wyj\u0105tek: <strong>die Weintraube<\/strong> &#8211; winogrono.&nbsp;<\/p>\n\n\n\n<figure class=\"wp-block-table\"><table class=\"has-fixed-layout\"><thead><tr><th>Niemiecki<\/th><th>Polski<\/th><\/tr><\/thead><tbody><tr><td><strong>das Beerenobst<\/strong><\/td><td>owoce jagodowe<\/td><\/tr><tr><td><strong>die Erdbeere<\/strong><\/td><td>truskawka<\/td><\/tr><tr><td><strong>die Himbeere<\/strong><\/td><td>malina<\/td><\/tr><tr><td><strong>die Blaubeere<\/strong><\/td><td>bor\u00f3wka<\/td><\/tr><tr><td><strong>die Brombeere<\/strong><\/td><td>je\u017cyna<\/td><\/tr><tr><td><strong>die Weintraube<\/strong><\/td><td>winogrono<\/td><\/tr><tr><td><strong>die Johannisbeere<\/strong><\/td><td>porzeczka<\/td><\/tr><tr><td><strong>die Stachelbeere<\/strong><\/td><td>agrest<\/td><\/tr><tr><td><strong>die Moosbeere<\/strong><\/td><td>\u017curawina<\/td><\/tr><\/tbody><\/table><\/figure>\n\n\n\n<h3 class=\"wp-block-heading\" id=\"htoc-owoce-tropikalne-exotische-fr-chte\"><strong>Owoce tropikalne- exotische Fr\u00fcchte<\/strong><\/h3>\n\n\n\n<p>W Niemczech, pomimo ch\u0142odniejszego klimatu, owoce tropikalne s\u0105 \u0142atwo dost\u0119pne przez ca\u0142y rok dzi\u0119ki rozbudowanej sieci importu. Sklepy spo\u017cywcze oferuj\u0105 szeroki wyb\u00f3r egzotycznych owoc\u00f3w, kt\u00f3re pochodz\u0105 z kraj\u00f3w o cieplejszym klimacie.<\/p>\n\n\n\n<figure class=\"wp-block-table\"><table class=\"has-fixed-layout\"><thead><tr><th>Niemiecki<\/th><th>Polski<\/th><\/tr><\/thead><tbody><tr><td><strong>exotische Fr\u00fcchte<\/strong><\/td><td>owoce tropikalne<\/td><\/tr><tr><td><strong>die Ananas<\/strong><\/td><td>ananas<\/td><\/tr><tr><td><strong>die Avocado<\/strong><\/td><td>awokado<\/td><\/tr><tr><td><strong>die Banane<\/strong><\/td><td>banan<\/td><\/tr><tr><td><strong>die Dattel<\/strong><\/td><td>daktyl<\/td><\/tr><tr><td><strong>die Drachenfrucht<\/strong><\/td><td>smoczy owoc<\/td><\/tr><tr><td><strong>die Feige<\/strong><\/td><td>figa<\/td><\/tr><tr><td><strong>die Kiwi<\/strong><\/td><td>kiwi<\/td><\/tr><tr><td><strong>die Litschi<\/strong><\/td><td>liczi<\/td><\/tr><tr><td><strong>die Mango<\/strong><\/td><td>mango<\/td><\/tr><tr><td><strong>die Papaya<\/strong><\/td><td>papaja<\/td><\/tr><\/tbody><\/table><\/figure>\n\n\n\n<h3 class=\"wp-block-heading\" id=\"htoc-owoce-ziarnkowe-kernobst\"><strong>Owoce ziarnkowe &#8211; Kernobst<\/strong><\/h3>\n\n\n\n<p>Owoce ziarnkowe to te posiadaj\u0105ce we wn\u0119trzu niewielkie pestki, a ich jadaln\u0105 cz\u0119\u015b\u0107 stanowi mi\u0105\u017csz np. jab\u0142ka, kt\u00f3re s\u0105 najcz\u0119\u015bciej uprawianymi owocami w Niemczech. Jab\u0142ka stanowi\u0105 ok. 70% wszystkich gatunk\u00f3w owoc\u00f3w uprawianych w tym kraju.&nbsp;<\/p>\n\n\n\n<figure class=\"wp-block-table\"><table class=\"has-fixed-layout\"><thead><tr><th>Niemiecki<\/th><th>Polski<\/th><\/tr><\/thead><tbody><tr><td><strong>das Kernobst<\/strong><\/td><td>owoce ziarnkowe<\/td><\/tr><tr><td><strong>der Apfel<\/strong><\/td><td>jab\u0142ko<\/td><\/tr><tr><td><strong>die Birne<\/strong><\/td><td>gruszka<\/td><\/tr><tr><td><strong>die Quitte&nbsp;<\/strong><\/td><td>pigwa<\/td><\/tr><tr><td><strong>der Granatapfel<\/strong><\/td><td>granat<\/td><\/tr><\/tbody><\/table><\/figure>\n\n\n\n<p>Lista owoc\u00f3w i warzyw po niemiecku jest do\u015b\u0107 spora i aby nauczy\u0107 si\u0119 nowego s\u0142ownictwa na pami\u0119\u0107, b\u0119dziesz potrzebowa\u0142 troch\u0119 czasu. Na pocz\u0105tku skup si\u0119 na nauce tych sk\u0142adnik\u00f3w, kt\u00f3re najcz\u0119\u015bciej pojawiaj\u0105 si\u0119 w twojej diecie. \u015awietnym \u0107wiczeniem b\u0119dzie robienie listy zakup\u00f3w lub czytanie i zapisywanie przepis\u00f3w po niemiecku. Wi\u0119cej o metodach nauki j\u0119zyk\u00f3w obcych znajdziesz w naszym artykule o tym, <a href=\"https:\/\/www.taalhammer.com\/pl\/sekrety-poliglotow\/\" target=\"_blank\" rel=\"noreferrer noopener\">jak j\u0119zyka ucz\u0105 si\u0119 poligloci<\/a>. <\/p>\n\n\n\n<p>W aplikacji Taalhammer masz mo\u017cliwo\u015b\u0107 tworzenia w\u0142asnych kolekcji do nauki. Dzi\u0119ki temu nauczysz si\u0119 s\u0142\u00f3wek, kt\u00f3re naprawd\u0119 przydadz\u0105 ci si\u0119 w codziennym \u017cyciu, co jest kluczowym elementem opanowania j\u0119zyka obcego. Zapisz s\u0142\u00f3wka, kt\u00f3rych chcesz si\u0119 nauczy\u0107, a nasz algorytm przygotuje system powt\u00f3rek odpowiadaj\u0105cy twoim potrzebom. Zacznij nauk\u0119 niemieckiego ju\u017c dzi\u015b, a nied\u0142ugo poczujesz, jak zbierasz s\u0142odkie owoce swojej pracy!<\/p>\n\n\n<style>\n\t#banner-section-3-at-block_6c1bb77da60b8be417bcf8a52e0a8d58.banner-at--bg{\n\t\t\tbackground-image: url('https:\/\/www.taalhammer.com\/wp-content\/themes\/taalhammer-theme\/assets\/images\/png\/banner-bg4.png');\n\t\t\tbackground-color: #ffffff;\n\t\t\tborder: 0px solid #FFD600;\n\t}\n\t@media only screen and (max-width: 550px) {\n\t\t#banner-section-3-at-block_6c1bb77da60b8be417bcf8a52e0a8d58.banner-at--bg {\n\t\t\tbackground-image: url('https:\/\/www.taalhammer.com\/wp-content\/themes\/taalhammer-theme\/assets\/images\/png\/banner-bg4-mob.png');\n\t\t\tborder: none;\n\t\t}\n\t}\n\t@media only screen and (max-width: 916px) {\n\t\tmain #banner-section-3-at-block_6c1bb77da60b8be417bcf8a52e0a8d58.banner-at--bg {\n\t\t\tbackground-image: url('https:\/\/www.taalhammer.com\/wp-content\/themes\/taalhammer-theme\/assets\/images\/png\/banner-bg4-mob.png');\n\t\t\tborder: none;\n\t\t}\n\t}\n\t#banner-section-3-at-block_6c1bb77da60b8be417bcf8a52e0a8d58 .banner-at__subtitle {\n\t\tcolor: #FFD600;\n\t}\n\t#banner-section-3-at-block_6c1bb77da60b8be417bcf8a52e0a8d58 .banner-at__title {\n\t\tcolor: #ffffff;\n\t}\n\t#banner-section-3-at-block_6c1bb77da60b8be417bcf8a52e0a8d58 .banner-at__content .content-at__text{\n\t\tcolor: #ffffff;\n\t}\n\t#banner-section-3-at-block_6c1bb77da60b8be417bcf8a52e0a8d58 .banner-at__btn .btn-at {\n\t\tbackground: inherit;\n\t\tcolor: #ffffff;\n\t\tborder: 1px solid rgba(255, 214, 0, 1);\n\t\tbox-shadow: none;\n\t}\n\t#banner-section-3-at-block_6c1bb77da60b8be417bcf8a52e0a8d58 .banner-at__btn .btn-at:hover {\n\t\tbackground: #ffd600;\n\t\tcolor: #161616;\n\t\tborder: 1px solid rgba(255, 214, 0, 1);\n\t}\n<\/style>\n<div class=\"banner-at at-ff banner-at--bg\" id=\"banner-section-3-at-block_6c1bb77da60b8be417bcf8a52e0a8d58\">\n\t<div class=\"banner-at__wrap banner-at__wrap--end\">\n\t\t\t\t<div class=\"banner-at__right\">\n\t\t\t\t\t\t\t\t\t\t\t\t\t\t<div class=\"banner-at__subtitle\">Wydajna i spersonalizowana<\/div>\n\t\t\t\t\t\t\t\t\t\t\t\t\t\t\t\t\t\t<div class=\"banner-at__title\">Ucz si\u0119 j\u0119zyka niemieciego z aplikacj\u0105 Taalhammer<\/div>\n\t\t\t\t\t\t\t\t<div class=\"banner-at__content content-at\">\n\t\t\t\t\t\t\t\t\t\t\t\t<div class=\"content-at__text\">Stw\u00f3rz swoje w\u0142asne s\u0142owa i zwroty, kt\u00f3re b\u0119dziesz m\u00f3g\u0142 od razu zastosowa\u0107 w codziennych sytuacjach.<\/div>\n\t\t\t\t\t\t\t\t\t\t<\/div>\n\t\t\t\t\t\t\t\t\t\t\t\t<div class=\"banner-at__btn\">\n\t\t\t\t\t\t<a class=\"btn-at\" rel=\"nofollow\" href=\"https:\/\/www.taalhammer.com\/pl\/\" cta-type=\"cta-banner-pl-own-content\" data-cta-track=\"true\" data-cta-position=\"mid-text\">Chc\u0119 wiedzie\u0107 wi\u0119cej<\/a>\n\t\t\t\t\t<\/div>\n\t\t\t\t\t\t\t\t\t<\/div>\n\t<\/div>\n<\/div>\n\n\n\n<h2 class=\"wp-block-heading\" id=\"htoc-warzywa-po-niemiecku-das-gem-se\"><strong>Warzywa po niemiecku &#8211; das Gem\u00fcse<\/strong><\/h2>\n\n\n\n<p>Niemcy s\u0105 \u015bwiatowym liderem w produkcji i konsumpcji ekologicznych warzyw. Ci\u0119\u017cko jest tam znale\u017a\u0107 w sklepach warzywa bez oznaczenia &#8220;eko&#8221;. Coraz wi\u0119cej gospodarstw rolnych w kraju przechodzi na ekologiczne metody uprawy, rezygnuj\u0105c z chemicznych pestycyd\u00f3w i sztucznych nawoz\u00f3w na rzecz naturalnych, przyjaznych dla \u015brodowiska rozwi\u0105za\u0144. Dla Niemc\u00f3w ekologiczne warzywa nie s\u0105 jedynie kwesti\u0105 zdrowego stylu \u017cycia, ale r\u00f3wnie\u017c wyrazem troski o przysz\u0142o\u015b\u0107 planety oraz dba\u0142o\u015bci o jako\u015b\u0107 i smak spo\u017cywanych potraw.&nbsp;<\/p>\n\n\n\n<p>Przenie\u015bmy si\u0119 teraz na niemiecki targ zdrowej \u017cywno\u015bci i przyjrzyjmy si\u0119 rodzajom warzyw, kt\u00f3re mo\u017cna tam znale\u017a\u0107:<\/p>\n\n\n\n<figure class=\"wp-block-table\"><table class=\"has-fixed-layout\"><thead><tr><th>Niemiecki<\/th><th>Polski<\/th><\/tr><\/thead><tbody><tr><td><strong>das Wurzelgem\u00fcse<\/strong><\/td><td>warzywa korzeniowe<\/td><\/tr><tr><td><strong>das Fruchtgem\u00fcse<\/strong><\/td><td>\u201cowoce\u201d warzywa&nbsp;<\/td><\/tr><tr><td><strong>das Knollengem\u00fcse<\/strong><\/td><td>warzywa bulwiaste<\/td><\/tr><tr><td><strong>das Bl\u00fctengem\u00fcse<\/strong><\/td><td>warzywa kwiatowe<\/td><\/tr><tr><td><strong>das Blattgem\u00fcse<\/strong><\/td><td>warzywa li\u015bciaste<\/td><\/tr><tr><td><strong>die H\u00fclsenfr\u00fcchte<\/strong><\/td><td>ro\u015bliny str\u0105czkowe<\/td><\/tr><\/tbody><\/table><\/figure>\n\n\n\n<h3 class=\"wp-block-heading\" id=\"htoc-warzywa-korzeniowe-wurzelgem-se\"><strong>Warzywa korzeniowe &#8211; Wurzelgem\u00fcse<\/strong><\/h3>\n\n\n\n<p>Warzywa korzeniowe to ro\u015bliny, kt\u00f3rych jadalne cz\u0119\u015bci rosn\u0105 pod ziemi\u0105, w postaci korzeni lub bulw.&nbsp;<\/p>\n\n\n\n<figure class=\"wp-block-table\"><table class=\"has-fixed-layout\"><thead><tr><th>Niemiecki<\/th><th>Polski<\/th><\/tr><\/thead><tbody><tr><td><strong>die Karotte<\/strong><\/td><td>marchewka<\/td><\/tr><tr><td><strong>der Sellerie<\/strong><\/td><td>seler<\/td><\/tr><tr><td><strong>der Rettich<\/strong><\/td><td>rzodkiew<\/td><\/tr><tr><td><strong>die R\u00fcbe<\/strong><\/td><td>burak<\/td><\/tr><tr><td><strong>die Petersilie<\/strong><\/td><td>pietruszka<\/td><\/tr><tr><td><strong>der Ingwer<\/strong><\/td><td>imbir<\/td><\/tr><\/tbody><\/table><\/figure>\n\n\n\n<h3 class=\"wp-block-heading\" id=\"htoc-owoce-warzywa-fruchtgem-se\"><strong>&#8220;Owoce&#8221; warzywa &#8211; Fruchtgem\u00fcse<\/strong><\/h3>\n\n\n\n<p>Wiele owoc\u00f3w jest cz\u0119sto mylonych z warzywami, jak np. pomidory. Z punktu widzenia botanicznego s\u0105 to owoce, jednak podszywaj\u0105 si\u0119 pod warzywa ze wzgl\u0119du na sw\u00f3j smak i zastosowanie w kuchni.<\/p>\n\n\n\n<figure class=\"wp-block-table\"><table class=\"has-fixed-layout\"><thead><tr><th>Niemiecki<\/th><th>Polski<\/th><\/tr><\/thead><tbody><tr><td><strong>der K\u00fcrbis<\/strong><\/td><td>dynia<\/td><\/tr><tr><td><strong>die Gurke<\/strong><\/td><td>og\u00f3rek<\/td><\/tr><tr><td><strong>die Paprika<\/strong><\/td><td>papryka<\/td><\/tr><tr><td><strong>die Tomate<\/strong><\/td><td>pomidor<\/td><\/tr><tr><td><strong>der Chili<\/strong><\/td><td>papryczka chili<\/td><\/tr><tr><td><strong>die Aubergine<\/strong><\/td><td>bak\u0142a\u017can<\/td><\/tr><\/tbody><\/table><\/figure>\n\n\n\n<h3 class=\"wp-block-heading\" id=\"htoc-warzywa-bulwiaste-knollengem-se\"><strong>Warzywa bulwiaste &#8211; Knollengem\u00fcse<\/strong><\/h3>\n\n\n\n<p>Ciekawostka: Jednym z najbardziej charakterystycznych sk\u0142adnik\u00f3w niemieckiej kuchni s\u0105 ziemniaki. S\u0105 one u\u017cywane do przygotowywania r\u00f3\u017cnorodnych da\u0144, w tym popularnych <strong>Kl\u00f6\u00dfe<\/strong> (kluski ziemniaczane), <strong>Kartoffelsalat<\/strong> (sa\u0142atka ziemniaczana) oraz <strong>Bratkartoffeln<\/strong> (sma\u017cone ziemniaki).<\/p>\n\n\n\n<p>Zapraszamy do kr\u00f3tkiego wideo po niemiecku o tym, jak zrobi\u0107 Kartoffelsalat:<\/p>\n\n\n\n<figure class=\"wp-block-embed is-type-video is-provider-youtube wp-block-embed-youtube wp-embed-aspect-4-3 wp-has-aspect-ratio\"><div class=\"wp-block-embed__wrapper\">\n<iframe loading=\"lazy\" title=\"Opas Kartoffelsalat | Film A1 | Deutsch lernen (Deutsch.unterwegs)\" width=\"840\" height=\"630\" src=\"https:\/\/www.youtube.com\/embed\/EnlVG-IiZgI?feature=oembed\" frameborder=\"0\" allow=\"accelerometer; autoplay; clipboard-write; encrypted-media; gyroscope; picture-in-picture; web-share\" referrerpolicy=\"strict-origin-when-cross-origin\" allowfullscreen><\/iframe>\n<\/div><\/figure>\n\n\n\n<br>\n\n\n\n<figure class=\"wp-block-table\"><table class=\"has-fixed-layout\"><thead><tr><th>Niemiecki<\/th><th>Polski<\/th><\/tr><\/thead><tbody><tr><td><strong>die Kartoffel<\/strong><\/td><td>ziemniak<\/td><\/tr><tr><td><strong>die S\u00fc\u00dfkartoffel\/Batate<\/strong><\/td><td>s\u0142odki ziemniak<\/td><\/tr><tr><td><strong>der Knoblauch<\/strong><\/td><td>czosnek<\/td><\/tr><tr><td><strong>die Zwiebel<\/strong><\/td><td>cebula<\/td><\/tr><tr><td><strong>der Porree<\/strong><\/td><td>por<\/td><\/tr><tr><td><strong>der Schnittlauch<\/strong><\/td><td>szczypiorek<\/td><\/tr><\/tbody><\/table><\/figure>\n\n\n\n<h3 class=\"wp-block-heading\" id=\"htoc-warzywa-kwiatowe-bl-tengem-se\"><strong>Warzywa kwiatowe &#8211; Bl\u00fctengem\u00fcse<\/strong><\/h3>\n\n\n\n<p>Warzywa kwiatowe to ro\u015bliny, kt\u00f3rych jadalne cz\u0119\u015bci pochodz\u0105 z kwiat\u00f3w. Cenione s\u0105 nie tylko za swoje warto\u015bci od\u017cywcze, ale r\u00f3wnie\u017c za to, jak pi\u0119knie prezentuj\u0105 si\u0119 na talerzu!<\/p>\n\n\n\n<figure class=\"wp-block-table\"><table class=\"has-fixed-layout\"><thead><tr><th>Niemiecki<\/th><th>Polski<\/th><\/tr><\/thead><tbody><tr><td><strong>der Brokkoli<\/strong><\/td><td>broku\u0142<\/td><\/tr><tr><td><strong>der Blumenkohl<\/strong><\/td><td>kalafior<\/td><\/tr><tr><td><strong>die Artischocke<\/strong><\/td><td>karczoch<\/td><\/tr><tr><td><strong>die Zucchini<\/strong><\/td><td>cukinia<\/td><\/tr><tr><td><strong>die Kaper<\/strong><\/td><td>kapar<\/td><\/tr><\/tbody><\/table><\/figure>\n\n\n\n<h3 class=\"wp-block-heading\" id=\"htoc-warzywa-li-ciaste-blattgem-se\"><strong>Warzywa li\u015bciaste &#8211; Blattgem\u00fcse<\/strong><\/h3>\n\n\n\n<p>Warzywa li\u015bciaste to grupa ro\u015blin, kt\u00f3re wytwarzaj\u0105 jadalne li\u015bcie i p\u0119dy, takie jak szpinak, jarmu\u017c, sa\u0142ata, czy rukola. Stanowi\u0105 bogactwo witamin, minera\u0142\u00f3w i b\u0142onnika, kt\u00f3re przyczyniaj\u0105 si\u0119 do zdrowej diety i og\u00f3lnej witalno\u015bci organizmu.<\/p>\n\n\n\n<figure class=\"wp-block-table\"><table class=\"has-fixed-layout\"><thead><tr><th>Niemiecki<\/th><th>Polski<\/th><\/tr><\/thead><tbody><tr><td><strong>der Rucola<\/strong><\/td><td>rukola<\/td><\/tr><tr><td><strong>der Salat<\/strong><\/td><td>sa\u0142ata<\/td><\/tr><tr><td><strong>der Gr\u00fcnkohl<\/strong><\/td><td>jarmu\u017c<\/td><\/tr><tr><td><strong>der Kohl<\/strong><\/td><td>kapusta<\/td><\/tr><tr><td><strong>der Spinat<\/strong><\/td><td>szpinak<\/td><\/tr><tr><td><strong>der Koriander<\/strong><\/td><td>kolendra<\/td><\/tr><tr><td><strong>das Basilikum<\/strong><\/td><td>bazylia<\/td><\/tr><\/tbody><\/table><\/figure>\n\n\n\n<h3 class=\"wp-block-heading\" id=\"htoc-ro-liny-str-czkowe-h-lsenfr-chte\"><strong>Ro\u015bliny str\u0105czkowe &#8211; H\u00fclsenfr\u00fcchte<\/strong><\/h3>\n\n\n\n<p>Na ko\u0144cu przyszed\u0142 czas na ro\u015bliny str\u0105czkowe. S\u0105 to ro\u015bliny, kt\u00f3re wytwarzaj\u0105 nasiona w str\u0105kach, stanowi\u0105c wa\u017cne \u017ar\u00f3d\u0142o bia\u0142ka i sk\u0142adnik\u00f3w od\u017cywczych w diecie.<\/p>\n\n\n\n<figure class=\"wp-block-table\"><table class=\"has-fixed-layout\"><thead><tr><th>Niemiecki<\/th><th>Polski<\/th><\/tr><\/thead><tbody><tr><td><strong>die Bohne<\/strong><\/td><td>fasola<\/td><\/tr><tr><td><strong>die Kidneybohne<\/strong><\/td><td>czerwona fasolka<\/td><\/tr><tr><td><strong>die Spargelbohne<\/strong><\/td><td>fasolka szparagowa<\/td><\/tr><tr><td><strong>die Ackerbohne<\/strong><\/td><td>b\u00f3b<\/td><\/tr><tr><td><strong>die Linse<\/strong><\/td><td>soczewica<\/td><\/tr><tr><td><strong>die Erbse<\/strong><\/td><td>groch<\/td><\/tr><tr><td><strong>die Kichererbse<\/strong><\/td><td>cieciorka<\/td><\/tr><tr><td><strong>der Mais<\/strong><\/td><td>kukurydza<\/td><\/tr><\/tbody><\/table><\/figure>\n\n\n\n<h2 class=\"wp-block-heading\" id=\"htoc-powiedzenia-i-idiomy-zwi-zane-owocami-i-warzywami\"><strong>Powiedzenia i idiomy zwi\u0105zane owocami i warzywami<\/strong><\/h2>\n\n\n\n<p>Powiedzenia i idiomy s\u0105 jak tajemnicze okienka do duszy j\u0119zyka ukazuj\u0105ce jego tradycje i kultur\u0119. Jako korepetytorka j\u0119zyka niemieckiego cz\u0119sto po nie si\u0119gam, poniewa\u017c ich nauka jest przyjemna i zabawna, a odkrywanie nietypowych znacze\u0144 cz\u0119sto wywo\u0142uje u\u015bmiech na twarzy uczni\u00f3w, w przeciwie\u0144stwie do <a href=\"https:\/\/www.taalhammer.com\/pl\/wkuwanie-gramatyki-jezyka-nie-ma-sensu\/\" target=\"_blank\" rel=\"noreferrer noopener\">wkuwania gramatyki, kt\u00f3re nie ma sensu<\/a>. Znaj\u0105c te wyra\u017cenia, uczymy si\u0119 tak\u017ce czyta\u0107 mi\u0119dzy wierszami i mo\u017cemy lepiej rozumie\u0107 native speaker\u00f3w. Co wi\u0119cej, u\u017cywanie ich w codziennej rozmowie sprawi, \u017ce nasze wypowiedzi b\u0119d\u0105 bardziej barwne i interesuj\u0105ce. Oto kilka z nich:<\/p>\n\n\n\n<figure class=\"wp-block-table\"><table><thead><tr><th>Niemiecki<\/th><th>Polski<\/th><\/tr><\/thead><tbody><tr><td><strong>Tomaten auf den Augen haben.<\/strong><\/td><td>Dos\u0142ownie: Mie\u0107 pomidory na oczach. (Znaczenie: By\u0107 \u015blepym na co\u015b, nie widzie\u0107 oczywistych rzeczy.)<\/td><\/tr><tr><td><strong>Mit dem ist nicht gut Kirschen essen.<\/strong><\/td><td>Dos\u0142ownie: Z nim\/ni\u0105 nie jest \u0142atwo je\u015b\u0107 wi\u015bnie. (Znaczenie: Nie dogadywa\u0107 si\u0119 z kim\u015b dobrze.)<\/td><\/tr><tr><td><strong>Eine Pflaume sein.<\/strong><\/td><td>Dos\u0142ownie: By\u0107 \u015bliwk\u0105. (Znaczenie: By\u0107 tch\u00f3rzem\/ By\u0107 s\u0142abym.)<\/td><\/tr><tr><td><strong>\u00c4pfel mit Birnen vergleichen.&nbsp;<\/strong><\/td><td>Dos\u0142ownie: Por\u00f3wnywa\u0107 jab\u0142ka z gruszkami. (Znaczenie: Powr\u00f3wnywa\u0107 ze sob\u0105 rzeczy, kt\u00f3re nie s\u0105 por\u00f3wnywalne.)<\/td><\/tr><tr><td><strong>In den sauren Apfel bei\u00dfen.&nbsp;<\/strong><\/td><td>Dos\u0142ownie: Wgry\u017a\u0107 si\u0119 w kwa\u015bne jab\u0142ko. (Znaczenie: Musie\u0107 zrobi\u0107 co\u015b czego si\u0119 nie chce.)<\/td><\/tr><tr><td><strong>Jemanden wie eine Zitrone ausquetschen.<\/strong><\/td><td>Dos\u0142ownie: Wycisn\u0105\u0107 kogo\u015b jak cytryn\u0119. (Znaczenie: Wykorzysta\u0107 kogo\u015b.\/Wyci\u0105gn\u0105\u0107 z kogo\u015b informacje.)<\/td><\/tr><tr><td><strong>Der Apfel f\u00e4llt nicht weit vom Stamm.<\/strong><\/td><td>Dos\u0142ownie: Nie daleko pada jab\u0142ko od jab\u0142oni. (Przys\u0142owie to funkcjonuje tak samo jak w j\u0119zyku polskim. Oznacza podobie\u0144stwo pomi\u0119dzy dzieckiem a rodzicem.)<\/td><\/tr><tr><td><strong>Ein sauberes Fr\u00fcchtchen!<\/strong><\/td><td>Dos\u0142ownie: Czysty owocek!(Znaczenie: \u0141adne zi\u00f3\u0142ko\/urwis!)<\/td><\/tr><\/tbody><\/table><\/figure>\n\n\n\n<figure class=\"wp-block-image size-large\"><img loading=\"lazy\" decoding=\"async\" width=\"1024\" height=\"667\" src=\"https:\/\/www.taalhammer.com\/wp-content\/uploads\/2024\/01\/apple_tree-1024x667.jpeg\" alt=\"\" class=\"wp-image-9115\" srcset=\"https:\/\/www.taalhammer.com\/wp-content\/uploads\/2024\/01\/apple_tree-1024x667.jpeg 1024w, https:\/\/www.taalhammer.com\/wp-content\/uploads\/2024\/01\/apple_tree-300x195.jpeg 300w, https:\/\/www.taalhammer.com\/wp-content\/uploads\/2024\/01\/apple_tree-768x500.jpeg 768w, https:\/\/www.taalhammer.com\/wp-content\/uploads\/2024\/01\/apple_tree.jpeg 1299w\" sizes=\"auto, (max-width: 709px) 85vw, (max-width: 909px) 67vw, (max-width: 1362px) 62vw, 840px\" \/><\/figure>\n\n\n\n<h2 class=\"wp-block-heading\" id=\"htoc-przydatne-s-ownictwo-zwi-zane-z-owocami-i-warzywami-w-j-zyku-niemieckim\"><strong>Przydatne s\u0142ownictwo zwi\u0105zane z owocami i warzywami w j\u0119zyku niemieckim<\/strong><\/h2>\n\n\n\n<p>Na sam koniec przygotowa\u0142am dla ciebie list\u0119 niemieckiego s\u0142ownictwa, kt\u00f3re mo\u017ce okaza\u0107 si\u0119 bardzo przydatne do prowadzenia konwersacji oraz czytania przepis\u00f3w. Zobacz poni\u017cej:<\/p>\n\n\n\n<figure class=\"wp-block-table\"><table class=\"has-fixed-layout\"><thead><tr><th>Niemiecki<\/th><th>Polski<\/th><\/tr><\/thead><tbody><tr><td><strong>gesund<\/strong><\/td><td>zdrowe<\/td><\/tr><tr><td><strong>Obst und Gem\u00fcse sind gesund.<\/strong><\/td><td>Warzywa i owoce s\u0105 zdrowe.<\/td><\/tr><tr><td><strong>lecker<\/strong><\/td><td>smaczne<\/td><\/tr><tr><td><strong>leckere Birnen<\/strong><\/td><td>smaczne gruszki<\/td><\/tr><tr><td><strong>s\u00fc\u00dfe\/bittere Frucht<\/strong><\/td><td>s\u0142odki\/gorzki owoc<\/td><\/tr><tr><td><strong>Melonen k\u00f6nnen s\u00fc\u00df oder bitter sein.<\/strong><\/td><td>Melony mog\u0105 by\u0107 s\u0142odkie lub gorzkie.<\/td><\/tr><tr><td><strong>Welches Obst magst du?<\/strong><\/td><td>Jakie owoce lubisz?<\/td><\/tr><tr><td><strong>Ich esse gerne Bananen und Himbeeren.&nbsp;<\/strong><\/td><td>Lubi\u0119 je\u015b\u0107 banany i maliny.&nbsp;<\/td><\/tr><tr><td><strong>rohes Gem\u00fcse<\/strong><\/td><td>surowe warzywa<\/td><\/tr><tr><td><strong>gekochtes Gem\u00fcse<\/strong><\/td><td>gotowane warzywa<\/td><\/tr><tr><td><strong>Gekochtes Gem\u00fcse enth\u00e4lt weniger Vitamine als rohes Gem\u00fcse.<\/strong><\/td><td>Gotowane warzywa maj\u0105 mniej witamin ni\u017c surowe.<\/td><\/tr><tr><td><strong>reifes Obst&nbsp;<\/strong><\/td><td>dojrza\u0142e owoce<\/td><\/tr><tr><td><strong>Ich kaufe immer reifes Obst auf dem Markt.<\/strong><\/td><td>Zawsze kupuj\u0119 dojrza\u0142e owoce na targu.<\/td><\/tr><tr><td><strong>saftige Feigen<\/strong><\/td><td>soczyste figi<\/td><\/tr><tr><td><strong>Reife Feigen sind s\u00fc\u00df und saftig.<\/strong><\/td><td>Dojrza\u0142e figi s\u0105 s\u0142odkie i soczyste.<\/td><\/tr><tr><td><strong>verdorbene Bananen<\/strong><\/td><td>zepsute banany<\/td><\/tr><tr><td><strong>Diese Bananen sind schon verdorben.<\/strong><\/td><td>Te banany s\u0105 ju\u017c zepsute,<\/td><\/tr><tr><td><strong>Pflaumen wiegen<\/strong><\/td><td>wa\u017cy\u0107 \u015bliwki<\/td><\/tr><tr><td><strong>Ich wiege die Pflaumen, um zu sehen, wie viel sie kosten.<\/strong><\/td><td>Wa\u017c\u0119 \u015bliwki, \u017ceby zobaczy\u0107, ile kosztuj\u0105.<\/td><\/tr><tr><td><strong>Kartoffeln sch\u00e4len<\/strong><\/td><td>obiera\u0107 ziemniaki<\/td><\/tr><tr><td><strong>Kartoffeln sch\u00e4len ist m\u00fchsam.<\/strong><\/td><td>Obieranie ziemniak\u00f3w jest \u017cmudne.<\/td><\/tr><tr><td><strong>Orange entkernen<\/strong><\/td><td>usuwa\u0107 pestki z pomara\u0144czy<\/td><\/tr><tr><td><strong>Sollen die Orangen entkernt werden?<\/strong><\/td><td>Czy pomara\u0144cze powinny mie\u0107 usuni\u0119te pestki?<\/td><\/tr><tr><td><strong>eine <\/strong><strong>Zucchini <\/strong><strong>in W\u00fcrfel schneiden<\/strong><\/td><td>kroi\u0107 cukini\u0119 w kostk\u0119<\/td><\/tr><tr><td><strong>Ich schneide die Zucchini in W\u00fcrfel und schiebe sie in den Ofen.<\/strong><\/td><td>Kroj\u0119 cukini\u0119 w kostk\u0119 i wk\u0142adam j\u0105 do piekarnika.<\/td><\/tr><tr><td><strong>eine Zitrone auspressen<\/strong><\/td><td>wyciska\u0107 cytryn\u0119<\/td><\/tr><tr><td><strong>gepresste Zitrone<\/strong><\/td><td>wyci\u015bni\u0119ta cytryna<\/td><\/tr><tr><td><strong>Viele G\u00e4ste genie\u00dfen Tee gerne mit frisch gepresster Zitrone.<\/strong><\/td><td>Wielu go\u015bci delektuje si\u0119 herbat\u0105 ze \u015bwie\u017co wyci\u015bni\u0119t\u0105 cytryn\u0105.<\/td><\/tr><tr><td><strong>Erdbeeren pfl\u00fccken&nbsp;<\/strong><\/td><td>zrywa\u0107 truskawki<\/td><\/tr><tr><td><strong>Erdbeeren pfl\u00fccken macht mir Spa\u00df.<\/strong><\/td><td>Zbieranie truskawek sprawia mi przyjemno\u015b\u0107.<\/td><\/tr><tr><td><strong>\u00c4pfel sammeln<\/strong><\/td><td>zbiera\u0107 jab\u0142ka<\/td><\/tr><tr><td><strong>Im Herbst sammelt man traditionel \u00c4pfel.<\/strong><\/td><td>Zbieranie jab\u0142ek jesieni\u0105 to tradycyjne zaj\u0119cie.<\/td><\/tr><tr><td><strong>ein Vegetarier\/eine Vegetarierin sein<\/strong><\/td><td>by\u0107 wegetarianinem\/wegetariank\u0105<\/td><\/tr><tr><td><strong>Ich bin Vegetarier\/ Vegetarierin.<\/strong><\/td><td>Jestem wegetarianinem\/wegetariank\u0105.<\/td><\/tr><tr><td><strong>vegetarische Ern\u00e4hrung&nbsp;<\/strong><\/td><td>dieta wegetaria\u0144ska&nbsp;<\/td><\/tr><tr><td><strong>allergisch sein<\/strong><\/td><td>mie\u0107 alergi\u0119<\/td><\/tr><tr><td><strong>Ich bin allergisch gegen N\u00fcsse.<\/strong><\/td><td>Mam alergi\u0119 na orzechy.&nbsp;<\/td><\/tr><\/tbody><\/table><\/figure>\n\n\n\n<h2 class=\"wp-block-heading\" id=\"htoc-nauka-z-aplikacj-taalhammer-opanuj-s-ownictwo-zwi-zane-z-owocami-i-warzywami-po-niemiecku\"><strong>Nauka z aplikacj\u0105 Taalhammer &#8211; opanuj s\u0142ownictwo zwi\u0105zane z owocami i warzywami po niemiecku!&nbsp;<\/strong><\/h2>\n\n\n\n<p>S\u0142ownictwo z tego artyku\u0142u przyda ci si\u0119 nie tylko na wyj\u015bcie do supermarketu, na targ lub do przeczytania menu w restauracji, lecz tak\u017ce b\u0119dziesz mie\u0107 okazj\u0119 do wypr\u00f3bowania wi\u0119kszej liczby przepis\u00f3w i poznania niemieckiej kuchni. Aby jednak nowo poznane s\u0142owa na sta\u0142e utrwali\u0142y si\u0119 w twojej pami\u0119ci, musisz powt\u00f3rzy\u0107 je przynajmniej kilka razy. Wcale nie musi to oznacza\u0107 nudnego \u201cwkuwania\u201d list s\u0142\u00f3wek od g\u00f3ry do do\u0142u!&nbsp;<\/p>\n\n\n\n<p>W Taalhammerze mamy na to spos\u00f3b. Dzi\u0119ki innowacyjnemu algorytmowi oraz systemowi powt\u00f3rek nauka s\u0142ownictwa stanie si\u0119 nie tylko efektywna, ale r\u00f3wnie\u017c przyjemna. Wypr\u00f3buj nasz <a href=\"https:\/\/www.taalhammer.com\/pl\/kurs-niemieckiego\/\" target=\"_blank\" rel=\"noreferrer noopener\">kurs online jezyka niemieckiego<\/a> i przekonaj si\u0119 sam. Owocnej nauki!<\/p>\n\n\n\n<p><\/p>\n\n\n<style>\n\t#banner-section-1-at-block_b0132c623206374c0c320f9d6c9e5544.banner-at--bg{\n\t\t\tbackground-image: url('https:\/\/www.taalhammer.com\/wp-content\/themes\/taalhammer-theme\/assets\/images\/png\/banner-bg1.png');\n\t\t\tbackground-color: #ffffff;\n\t\t\tborder: 0px solid #FFD600;\n\t}\n\t@media only screen and (max-width: 550px) {\n\t\t#banner-section-1-at-block_b0132c623206374c0c320f9d6c9e5544.banner-at--bg {\n\t\t\tbackground-image: url('https:\/\/www.taalhammer.com\/wp-content\/themes\/taalhammer-theme\/assets\/images\/png\/banner-bg1-mob.png');\n\t\t\tborder: none;\n\t\t}\n\t}\n\t@media only screen and (max-width: 916px) {\n\t\tmain #banner-section-1-at-block_b0132c623206374c0c320f9d6c9e5544.banner-at--bg {\n\t\t\tbackground-image: url('https:\/\/www.taalhammer.com\/wp-content\/themes\/taalhammer-theme\/assets\/images\/png\/banner-bg1-mob.png');\n\t\t\tborder: none;\n\t\t}\n\t}\n\t#banner-section-1-at-block_b0132c623206374c0c320f9d6c9e5544 .banner-at__subtitle {\n\t\tcolor: #262626;\n\t}\n\t#banner-section-1-at-block_b0132c623206374c0c320f9d6c9e5544 .banner-at__subtitle--border {\n\t\tcolor: #262626;\n\t\tborder: 1px solid #262626;\n\t}\n\t#banner-section-1-at-block_b0132c623206374c0c320f9d6c9e5544 .banner-at__title {\n\t\tcolor: #161616;\n\t}\n\t#banner-section-1-at-block_b0132c623206374c0c320f9d6c9e5544 .banner-at__content .content-at__text{\n\t\tcolor: #161616;\n\t}\n\t#banner-section-1-at-block_b0132c623206374c0c320f9d6c9e5544 .banner-at__btn .btn-at {\n\t\tbackground: #ffd600;\n\t\tcolor: #161616;\n\t\tborder: 1px solid rgba(255, 214, 0, 1);\n\t\tbox-shadow: none;\n\t}\n\t#banner-section-1-at-block_b0132c623206374c0c320f9d6c9e5544 .banner-at__btn .btn-at:hover {\n\t\tbackground: inherit;\n\t\tcolor: #ffd600;\n\t\tborder: 1px solid rgba(255, 214, 0, 1);\n\t}\n<\/style>\n<div class=\"banner-at at-ff banner-at--bg\" id=\"banner-section-1-at-block_b0132c623206374c0c320f9d6c9e5544\">\n\t<div class=\"banner-at__wrap banner-at__wrap--center\">\n\t\t\t\t\t<div class=\"banner-at__left\">\n\t\t\t\t<div class=\"img-wrap\">\n\t\t\t\t\t<div>\n\t\t\t\t\t\t<picture>\n\t\t\t\t\t\t\t<img decoding=\"async\" src=\"https:\/\/www.taalhammer.com\/wp-content\/themes\/taalhammer-theme\/assets\/images\/svg\/banner-img-1.svg\" alt=\"\" \/>\n\t\t\t\t\t\t<\/picture>\n\t\t\t\t\t<\/div>\n\t\t\t\t<\/div>\n\t\t\t<\/div>\n\t\t\t\t<div class=\"banner-at__right\">\n\t\t\t\t\t\t\t\t\t\t\t\t\t\t<div class=\"banner-at__subtitle banner-at__subtitle--border\">Nauka j\u0119zyka kt\u00f3ra dzia\u0142a<\/div>\n\t\t\t\t\t\t\t\t\t\t\t\t\t\t\t\t\t\t<div class=\"banner-at__title\">Ucz si\u0119 j\u0119zyka niemieckiego z aplikacj\u0105 Taalhammer<\/div>\n\t\t\t\t\t\t\t\t<div class=\"banner-at__content content-at\">\n\t\t\t\t\t\t\t\t\t\t\t\t<div class=\"content-at__text\">Powtarzaj z inteligentnym systemem powt\u00f3rek i zapomnij o zapominaniu.<\/div>\n\t\t\t\t\t\t\t\t\t\t<\/div>\n\t\t\t\t\t\t\t\t\t\t\t\t<div class=\"banner-at__btn\">\n\t\t\t\t\t\t<a class=\"btn-at\" rel=\"nofollow\" href=\"https:\/\/www.taalhammer.com\/pl\/\" cta-type=\"cta-banner-pl-repetition\" data-cta-track=\"true\" data-cta-position=\"end-text\">Chc\u0119 wiedzie\u0107 wi\u0119cej<\/a>\n\t\t\t\t\t<\/div>\n\t\t\t\t\t\t\t\t\t<\/div>\n\t<\/div>\n<\/div>\n","protected":false},"excerpt":{"rendered":"<p>Gdy jeszcze mieszka\u0142am w Niemczech, w ka\u017cdy weekend widzia\u0142am przez swoje okno otwarcie targu warzywno-owocowego. Od samego rana przyci\u0105ga\u0142 on do\u015b\u0107 spor\u0105 liczb\u0119 ludzi. Nic dziwnego, w ko\u0144cu towar sprzedawany&#8230;<\/p>\n","protected":false},"author":5017,"featured_media":9111,"comment_status":"open","ping_status":"closed","sticky":false,"template":"","format":"standard","meta":{"_acf_changed":false,"pmpro_default_level":"","inline_featured_image":false,"footnotes":""},"categories":[265,254],"tags":[],"class_list":["post-9108","post","type-post","status-publish","format-standard","has-post-thumbnail","hentry","category-nauka-niemieckiego","category-slownictwo-niemieckie","pmpro-has-access"],"acf":[],"yoast_head":"<!-- This site is optimized with the Yoast SEO Premium plugin v23.4 (Yoast SEO v23.4) - https:\/\/yoast.com\/wordpress\/plugins\/seo\/ -->\n<title>Owoce i warzywa po niemiecku (Obst und Gem\u00fcse) | Taalhammer<\/title>\n<meta name=\"description\" content=\"W tym artykule poznasz nazwy owoc\u00f3w i warzyw po niemiecku oraz przys\u0142owia i ciekawostki z nimi zwi\u0105zane. Owocnej nauki!\" \/>\n<meta name=\"robots\" content=\"index, follow, max-snippet:-1, max-image-preview:large, max-video-preview:-1\" \/>\n<link rel=\"canonical\" href=\"https:\/\/www.taalhammer.com\/pl\/owoce-warzywa-po-niemiecku\/\" \/>\n<meta property=\"og:locale\" content=\"pl_PL\" \/>\n<meta property=\"og:type\" content=\"article\" \/>\n<meta property=\"og:title\" content=\"Owoce i warzywa po niemiecku (Obst und Gem\u00fcse)\" \/>\n<meta property=\"og:description\" content=\"W tym artykule poznasz nazwy owoc\u00f3w i warzyw po niemiecku oraz przys\u0142owia i ciekawostki z nimi zwi\u0105zane. Owocnej nauki!\" \/>\n<meta property=\"og:url\" content=\"https:\/\/www.taalhammer.com\/pl\/owoce-warzywa-po-niemiecku\/\" \/>\n<meta property=\"og:site_name\" content=\"Taalhammer\" \/>\n<meta property=\"article:publisher\" content=\"https:\/\/www.facebook.com\/taalhammer\" \/>\n<meta property=\"article:published_time\" content=\"2024-01-29T16:37:14+00:00\" \/>\n<meta property=\"article:modified_time\" content=\"2025-03-15T00:49:37+00:00\" \/>\n<meta property=\"og:image\" content=\"https:\/\/www.taalhammer.com\/wp-content\/uploads\/2024\/01\/Owoce-warzywa-po-niemiecku.png\" \/>\n\t<meta property=\"og:image:width\" content=\"1920\" \/>\n\t<meta property=\"og:image:height\" content=\"1080\" \/>\n\t<meta property=\"og:image:type\" content=\"image\/png\" \/>\n<meta name=\"author\" content=\"Maja Latawiec\" \/>\n<meta name=\"twitter:card\" content=\"summary_large_image\" \/>\n<meta name=\"twitter:creator\" content=\"@taalhammer\" \/>\n<meta name=\"twitter:site\" content=\"@taalhammer\" \/>\n<meta name=\"twitter:label1\" content=\"Napisane przez\" \/>\n\t<meta name=\"twitter:data1\" content=\"Maja Latawiec\" \/>\n\t<meta name=\"twitter:label2\" content=\"Szacowany czas czytania\" \/>\n\t<meta name=\"twitter:data2\" content=\"10 minut\" \/>\n<script type=\"application\/ld+json\" class=\"yoast-schema-graph\">{\"@context\":\"https:\/\/schema.org\",\"@graph\":[{\"@type\":\"Article\",\"@id\":\"https:\/\/www.taalhammer.com\/pl\/owoce-warzywa-po-niemiecku\/#article\",\"isPartOf\":{\"@id\":\"https:\/\/www.taalhammer.com\/pl\/owoce-warzywa-po-niemiecku\/\"},\"author\":{\"name\":\"Maja Latawiec\",\"@id\":\"https:\/\/www.taalhammer.com\/pl\/#\/schema\/person\/d5e064c8518f62b709c6c2ca91f260a4\"},\"headline\":\"Owoce i warzywa po niemiecku (Obst und Gem\u00fcse)\",\"datePublished\":\"2024-01-29T16:37:14+00:00\",\"dateModified\":\"2025-03-15T00:49:37+00:00\",\"mainEntityOfPage\":{\"@id\":\"https:\/\/www.taalhammer.com\/pl\/owoce-warzywa-po-niemiecku\/\"},\"wordCount\":2496,\"commentCount\":0,\"publisher\":{\"@id\":\"https:\/\/www.taalhammer.com\/pl\/#organization\"},\"image\":{\"@id\":\"https:\/\/www.taalhammer.com\/pl\/owoce-warzywa-po-niemiecku\/#primaryimage\"},\"thumbnailUrl\":\"https:\/\/www.taalhammer.com\/wp-content\/uploads\/2024\/01\/Owoce-warzywa-po-niemiecku.png\",\"articleSection\":[\"Nauka niemieckiego\",\"S\u0142ownictwo niemieckie\"],\"inLanguage\":\"pl-PL\",\"potentialAction\":[{\"@type\":\"CommentAction\",\"name\":\"Comment\",\"target\":[\"https:\/\/www.taalhammer.com\/pl\/owoce-warzywa-po-niemiecku\/#respond\"]}]},{\"@type\":\"WebPage\",\"@id\":\"https:\/\/www.taalhammer.com\/pl\/owoce-warzywa-po-niemiecku\/\",\"url\":\"https:\/\/www.taalhammer.com\/pl\/owoce-warzywa-po-niemiecku\/\",\"name\":\"Owoce i warzywa po niemiecku (Obst und Gem\u00fcse) | Taalhammer\",\"isPartOf\":{\"@id\":\"https:\/\/www.taalhammer.com\/pl\/#website\"},\"primaryImageOfPage\":{\"@id\":\"https:\/\/www.taalhammer.com\/pl\/owoce-warzywa-po-niemiecku\/#primaryimage\"},\"image\":{\"@id\":\"https:\/\/www.taalhammer.com\/pl\/owoce-warzywa-po-niemiecku\/#primaryimage\"},\"thumbnailUrl\":\"https:\/\/www.taalhammer.com\/wp-content\/uploads\/2024\/01\/Owoce-warzywa-po-niemiecku.png\",\"datePublished\":\"2024-01-29T16:37:14+00:00\",\"dateModified\":\"2025-03-15T00:49:37+00:00\",\"description\":\"W tym artykule poznasz nazwy owoc\u00f3w i warzyw po niemiecku oraz przys\u0142owia i ciekawostki z nimi zwi\u0105zane. Owocnej nauki!\",\"breadcrumb\":{\"@id\":\"https:\/\/www.taalhammer.com\/pl\/owoce-warzywa-po-niemiecku\/#breadcrumb\"},\"inLanguage\":\"pl-PL\",\"potentialAction\":[{\"@type\":\"ReadAction\",\"target\":[\"https:\/\/www.taalhammer.com\/pl\/owoce-warzywa-po-niemiecku\/\"]}]},{\"@type\":\"ImageObject\",\"inLanguage\":\"pl-PL\",\"@id\":\"https:\/\/www.taalhammer.com\/pl\/owoce-warzywa-po-niemiecku\/#primaryimage\",\"url\":\"https:\/\/www.taalhammer.com\/wp-content\/uploads\/2024\/01\/Owoce-warzywa-po-niemiecku.png\",\"contentUrl\":\"https:\/\/www.taalhammer.com\/wp-content\/uploads\/2024\/01\/Owoce-warzywa-po-niemiecku.png\",\"width\":1920,\"height\":1080},{\"@type\":\"BreadcrumbList\",\"@id\":\"https:\/\/www.taalhammer.com\/pl\/owoce-warzywa-po-niemiecku\/#breadcrumb\",\"itemListElement\":[{\"@type\":\"ListItem\",\"position\":1,\"name\":\"Home\",\"item\":\"https:\/\/www.taalhammer.com\/pl\/\"},{\"@type\":\"ListItem\",\"position\":2,\"name\":\"Owoce i warzywa po niemiecku (Obst und Gem\u00fcse)\"}]},{\"@type\":\"WebSite\",\"@id\":\"https:\/\/www.taalhammer.com\/pl\/#website\",\"url\":\"https:\/\/www.taalhammer.com\/pl\/\",\"name\":\"Taalhammer\",\"description\":\"Stop mumbling, start to speak\",\"publisher\":{\"@id\":\"https:\/\/www.taalhammer.com\/pl\/#organization\"},\"potentialAction\":[{\"@type\":\"SearchAction\",\"target\":{\"@type\":\"EntryPoint\",\"urlTemplate\":\"https:\/\/www.taalhammer.com\/pl\/?s={search_term_string}\"},\"query-input\":{\"@type\":\"PropertyValueSpecification\",\"valueRequired\":true,\"valueName\":\"search_term_string\"}}],\"inLanguage\":\"pl-PL\"},{\"@type\":\"Organization\",\"@id\":\"https:\/\/www.taalhammer.com\/pl\/#organization\",\"name\":\"Taalhammer\",\"url\":\"https:\/\/www.taalhammer.com\/pl\/\",\"logo\":{\"@type\":\"ImageObject\",\"inLanguage\":\"pl-PL\",\"@id\":\"https:\/\/www.taalhammer.com\/pl\/#\/schema\/logo\/image\/\",\"url\":\"https:\/\/www.taalhammer.com\/wp-content\/uploads\/2019\/06\/Taalhammer_B_W_cut_negative.png\",\"contentUrl\":\"https:\/\/www.taalhammer.com\/wp-content\/uploads\/2019\/06\/Taalhammer_B_W_cut_negative.png\",\"width\":290,\"height\":256,\"caption\":\"Taalhammer\"},\"image\":{\"@id\":\"https:\/\/www.taalhammer.com\/pl\/#\/schema\/logo\/image\/\"},\"sameAs\":[\"https:\/\/www.facebook.com\/taalhammer\",\"https:\/\/x.com\/taalhammer\",\"https:\/\/www.instagram.com\/taalhammer_pl\/\"]},{\"@type\":\"Person\",\"@id\":\"https:\/\/www.taalhammer.com\/pl\/#\/schema\/person\/d5e064c8518f62b709c6c2ca91f260a4\",\"name\":\"Maja Latawiec\",\"image\":{\"@type\":\"ImageObject\",\"inLanguage\":\"pl-PL\",\"@id\":\"https:\/\/www.taalhammer.com\/pl\/#\/schema\/person\/image\/\",\"url\":\"https:\/\/secure.gravatar.com\/avatar\/c29dacaeb43622007fd3065f17ebe73f5110e145533ce735ca59f6739d028999?s=96&d=mm&r=g\",\"contentUrl\":\"https:\/\/secure.gravatar.com\/avatar\/c29dacaeb43622007fd3065f17ebe73f5110e145533ce735ca59f6739d028999?s=96&d=mm&r=g\",\"caption\":\"Maja Latawiec\"},\"description\":\"Maja jest studentk\u0105 ostatniego roku filologii angielskiej z niemieckim. Nauka j\u0119zyk\u00f3w i podr\u00f3\u017cowanie od zawsze by\u0142y jej pasj\u0105. M\u00f3wi p\u0142ynnie w j\u0119zyku angielskim i niemieckim, a wolnym czasie uczy si\u0119 j\u0119zyka w\u0142oskiego. Interesuje si\u0119 r\u00f3wnie\u017c literatur\u0105 angielsk\u0105 i fotografi\u0105.\",\"url\":\"https:\/\/www.taalhammer.com\/pl\/author\/latawiecmaja6801\/\"}]}<\/script>\n<!-- \/ Yoast SEO Premium plugin. -->","yoast_head_json":{"title":"Owoce i warzywa po niemiecku (Obst und Gem\u00fcse) | Taalhammer","description":"W tym artykule poznasz nazwy owoc\u00f3w i warzyw po niemiecku oraz przys\u0142owia i ciekawostki z nimi zwi\u0105zane. Owocnej nauki!","robots":{"index":"index","follow":"follow","max-snippet":"max-snippet:-1","max-image-preview":"max-image-preview:large","max-video-preview":"max-video-preview:-1"},"canonical":"https:\/\/www.taalhammer.com\/pl\/owoce-warzywa-po-niemiecku\/","og_locale":"pl_PL","og_type":"article","og_title":"Owoce i warzywa po niemiecku (Obst und Gem\u00fcse)","og_description":"W tym artykule poznasz nazwy owoc\u00f3w i warzyw po niemiecku oraz przys\u0142owia i ciekawostki z nimi zwi\u0105zane. Owocnej nauki!","og_url":"https:\/\/www.taalhammer.com\/pl\/owoce-warzywa-po-niemiecku\/","og_site_name":"Taalhammer","article_publisher":"https:\/\/www.facebook.com\/taalhammer","article_published_time":"2024-01-29T16:37:14+00:00","article_modified_time":"2025-03-15T00:49:37+00:00","og_image":[{"width":1920,"height":1080,"url":"https:\/\/www.taalhammer.com\/wp-content\/uploads\/2024\/01\/Owoce-warzywa-po-niemiecku.png","type":"image\/png"}],"author":"Maja Latawiec","twitter_card":"summary_large_image","twitter_creator":"@taalhammer","twitter_site":"@taalhammer","twitter_misc":{"Napisane przez":"Maja Latawiec","Szacowany czas czytania":"10 minut"},"schema":{"@context":"https:\/\/schema.org","@graph":[{"@type":"Article","@id":"https:\/\/www.taalhammer.com\/pl\/owoce-warzywa-po-niemiecku\/#article","isPartOf":{"@id":"https:\/\/www.taalhammer.com\/pl\/owoce-warzywa-po-niemiecku\/"},"author":{"name":"Maja Latawiec","@id":"https:\/\/www.taalhammer.com\/pl\/#\/schema\/person\/d5e064c8518f62b709c6c2ca91f260a4"},"headline":"Owoce i warzywa po niemiecku (Obst und Gem\u00fcse)","datePublished":"2024-01-29T16:37:14+00:00","dateModified":"2025-03-15T00:49:37+00:00","mainEntityOfPage":{"@id":"https:\/\/www.taalhammer.com\/pl\/owoce-warzywa-po-niemiecku\/"},"wordCount":2496,"commentCount":0,"publisher":{"@id":"https:\/\/www.taalhammer.com\/pl\/#organization"},"image":{"@id":"https:\/\/www.taalhammer.com\/pl\/owoce-warzywa-po-niemiecku\/#primaryimage"},"thumbnailUrl":"https:\/\/www.taalhammer.com\/wp-content\/uploads\/2024\/01\/Owoce-warzywa-po-niemiecku.png","articleSection":["Nauka niemieckiego","S\u0142ownictwo niemieckie"],"inLanguage":"pl-PL","potentialAction":[{"@type":"CommentAction","name":"Comment","target":["https:\/\/www.taalhammer.com\/pl\/owoce-warzywa-po-niemiecku\/#respond"]}]},{"@type":"WebPage","@id":"https:\/\/www.taalhammer.com\/pl\/owoce-warzywa-po-niemiecku\/","url":"https:\/\/www.taalhammer.com\/pl\/owoce-warzywa-po-niemiecku\/","name":"Owoce i warzywa po niemiecku (Obst und Gem\u00fcse) | Taalhammer","isPartOf":{"@id":"https:\/\/www.taalhammer.com\/pl\/#website"},"primaryImageOfPage":{"@id":"https:\/\/www.taalhammer.com\/pl\/owoce-warzywa-po-niemiecku\/#primaryimage"},"image":{"@id":"https:\/\/www.taalhammer.com\/pl\/owoce-warzywa-po-niemiecku\/#primaryimage"},"thumbnailUrl":"https:\/\/www.taalhammer.com\/wp-content\/uploads\/2024\/01\/Owoce-warzywa-po-niemiecku.png","datePublished":"2024-01-29T16:37:14+00:00","dateModified":"2025-03-15T00:49:37+00:00","description":"W tym artykule poznasz nazwy owoc\u00f3w i warzyw po niemiecku oraz przys\u0142owia i ciekawostki z nimi zwi\u0105zane. Owocnej nauki!","breadcrumb":{"@id":"https:\/\/www.taalhammer.com\/pl\/owoce-warzywa-po-niemiecku\/#breadcrumb"},"inLanguage":"pl-PL","potentialAction":[{"@type":"ReadAction","target":["https:\/\/www.taalhammer.com\/pl\/owoce-warzywa-po-niemiecku\/"]}]},{"@type":"ImageObject","inLanguage":"pl-PL","@id":"https:\/\/www.taalhammer.com\/pl\/owoce-warzywa-po-niemiecku\/#primaryimage","url":"https:\/\/www.taalhammer.com\/wp-content\/uploads\/2024\/01\/Owoce-warzywa-po-niemiecku.png","contentUrl":"https:\/\/www.taalhammer.com\/wp-content\/uploads\/2024\/01\/Owoce-warzywa-po-niemiecku.png","width":1920,"height":1080},{"@type":"BreadcrumbList","@id":"https:\/\/www.taalhammer.com\/pl\/owoce-warzywa-po-niemiecku\/#breadcrumb","itemListElement":[{"@type":"ListItem","position":1,"name":"Home","item":"https:\/\/www.taalhammer.com\/pl\/"},{"@type":"ListItem","position":2,"name":"Owoce i warzywa po niemiecku (Obst und Gem\u00fcse)"}]},{"@type":"WebSite","@id":"https:\/\/www.taalhammer.com\/pl\/#website","url":"https:\/\/www.taalhammer.com\/pl\/","name":"Taalhammer","description":"Stop mumbling, start to speak","publisher":{"@id":"https:\/\/www.taalhammer.com\/pl\/#organization"},"potentialAction":[{"@type":"SearchAction","target":{"@type":"EntryPoint","urlTemplate":"https:\/\/www.taalhammer.com\/pl\/?s={search_term_string}"},"query-input":{"@type":"PropertyValueSpecification","valueRequired":true,"valueName":"search_term_string"}}],"inLanguage":"pl-PL"},{"@type":"Organization","@id":"https:\/\/www.taalhammer.com\/pl\/#organization","name":"Taalhammer","url":"https:\/\/www.taalhammer.com\/pl\/","logo":{"@type":"ImageObject","inLanguage":"pl-PL","@id":"https:\/\/www.taalhammer.com\/pl\/#\/schema\/logo\/image\/","url":"https:\/\/www.taalhammer.com\/wp-content\/uploads\/2019\/06\/Taalhammer_B_W_cut_negative.png","contentUrl":"https:\/\/www.taalhammer.com\/wp-content\/uploads\/2019\/06\/Taalhammer_B_W_cut_negative.png","width":290,"height":256,"caption":"Taalhammer"},"image":{"@id":"https:\/\/www.taalhammer.com\/pl\/#\/schema\/logo\/image\/"},"sameAs":["https:\/\/www.facebook.com\/taalhammer","https:\/\/x.com\/taalhammer","https:\/\/www.instagram.com\/taalhammer_pl\/"]},{"@type":"Person","@id":"https:\/\/www.taalhammer.com\/pl\/#\/schema\/person\/d5e064c8518f62b709c6c2ca91f260a4","name":"Maja Latawiec","image":{"@type":"ImageObject","inLanguage":"pl-PL","@id":"https:\/\/www.taalhammer.com\/pl\/#\/schema\/person\/image\/","url":"https:\/\/secure.gravatar.com\/avatar\/c29dacaeb43622007fd3065f17ebe73f5110e145533ce735ca59f6739d028999?s=96&d=mm&r=g","contentUrl":"https:\/\/secure.gravatar.com\/avatar\/c29dacaeb43622007fd3065f17ebe73f5110e145533ce735ca59f6739d028999?s=96&d=mm&r=g","caption":"Maja Latawiec"},"description":"Maja jest studentk\u0105 ostatniego roku filologii angielskiej z niemieckim. Nauka j\u0119zyk\u00f3w i podr\u00f3\u017cowanie od zawsze by\u0142y jej pasj\u0105. M\u00f3wi p\u0142ynnie w j\u0119zyku angielskim i niemieckim, a wolnym czasie uczy si\u0119 j\u0119zyka w\u0142oskiego. Interesuje si\u0119 r\u00f3wnie\u017c literatur\u0105 angielsk\u0105 i fotografi\u0105.","url":"https:\/\/www.taalhammer.com\/pl\/author\/latawiecmaja6801\/"}]}},"_links":{"self":[{"href":"https:\/\/www.taalhammer.com\/pl\/wp-json\/wp\/v2\/posts\/9108","targetHints":{"allow":["GET"]}}],"collection":[{"href":"https:\/\/www.taalhammer.com\/pl\/wp-json\/wp\/v2\/posts"}],"about":[{"href":"https:\/\/www.taalhammer.com\/pl\/wp-json\/wp\/v2\/types\/post"}],"author":[{"embeddable":true,"href":"https:\/\/www.taalhammer.com\/pl\/wp-json\/wp\/v2\/users\/5017"}],"replies":[{"embeddable":true,"href":"https:\/\/www.taalhammer.com\/pl\/wp-json\/wp\/v2\/comments?post=9108"}],"version-history":[{"count":7,"href":"https:\/\/www.taalhammer.com\/pl\/wp-json\/wp\/v2\/posts\/9108\/revisions"}],"predecessor-version":[{"id":13718,"href":"https:\/\/www.taalhammer.com\/pl\/wp-json\/wp\/v2\/posts\/9108\/revisions\/13718"}],"wp:featuredmedia":[{"embeddable":true,"href":"https:\/\/www.taalhammer.com\/pl\/wp-json\/wp\/v2\/media\/9111"}],"wp:attachment":[{"href":"https:\/\/www.taalhammer.com\/pl\/wp-json\/wp\/v2\/media?parent=9108"}],"wp:term":[{"taxonomy":"category","embeddable":true,"href":"https:\/\/www.taalhammer.com\/pl\/wp-json\/wp\/v2\/categories?post=9108"},{"taxonomy":"post_tag","embeddable":true,"href":"https:\/\/www.taalhammer.com\/pl\/wp-json\/wp\/v2\/tags?post=9108"}],"curies":[{"name":"wp","href":"https:\/\/api.w.org\/{rel}","templated":true}]}}