{"id":14504,"date":"2025-06-13T20:18:24","date_gmt":"2025-06-13T20:18:24","guid":{"rendered":"https:\/\/www.taalhammer.com\/?p=14504"},"modified":"2025-06-28T12:18:49","modified_gmt":"2025-06-28T12:18:49","slug":"crocifissa-i-pasquale-najdziwniejsze-wloskie-imiona-z-tlumaczeniem-top-26-wedlug-taalhammera","status":"publish","type":"post","link":"https:\/\/www.taalhammer.com\/pl\/crocifissa-i-pasquale-najdziwniejsze-wloskie-imiona-z-tlumaczeniem-top-26-wedlug-taalhammera\/","title":{"rendered":"Crocifissa i Pasquale. Najdziwniejsze w\u0142oskie imiona z t\u0142umaczeniem \u2013 TOP 26 wed\u0142ug Taalhammera"},"content":{"rendered":"\n<p>Us\u0142ysza\u0142am to pierwszy raz w kolejce na lotnisku. Kto\u015b zawo\u0142a\u0142: <em>&#8220;Immacolata, vieni!&#8221;<\/em> I przez u\u0142amek sekundy my\u015bla\u0142am, \u017ce to \u017cart. Ale nie \u2013 kobieta odwr\u00f3ci\u0142a si\u0119, u\u015bmiechn\u0119\u0142a i podesz\u0142a. <em>Immacolata<\/em> to nie pseudonim artystyczny, nie nazwa opery ani ironiczny przydomek. To <strong>oficjalne w\u0142oskie imi\u0119<\/strong>, wpisywane do akt\u00f3w urodzenia. I, wbrew pozorom, wcale nie takie rzadkie. Najdziwniejsze w\u0142oskie imiona potrafi\u0105 zaskakiwa\u0107 \u2014 i to nie tylko tych, kt\u00f3rzy ucz\u0105 si\u0119 w\u0142oskiego. W Polsce trudno sobie wyobrazi\u0107 dziewczynk\u0119 o imieniu \u201eUkrzy\u017cowana\u201d (<em>Crocifissa<\/em>) czy ch\u0142opca o imieniu \u201eBo\u017ce Narodzenie\u201d (<em>Natale<\/em>), ale we W\u0142oszech to realne wybory. Cz\u0119sto g\u0142\u0119boko zakorzenione w tradycji religijnej, rodzinnej i j\u0119zykowej.<\/p>\n\n\n\n<p>W tym artykule opowiem Ci o <strong>26 najdziwniejszych w\u0142oskich imionach<\/strong>, kt\u00f3rych t\u0142umaczenie budzi u\u015bmiech, zdziwienie, a czasem niedowierzanie. Poka\u017c\u0119 ich <strong>znaczenie, kontekst kulturowy<\/strong>, a czasem nawet histori\u0119. Odpowiem na pytania, kt\u00f3re same si\u0119 nasuwaj\u0105: <em>czy kto\u015b naprawd\u0119 nazywa si\u0119 Addolorata?<\/em>, <em>czy Fortunata zawsze ma szcz\u0119\u015bcie?<\/em>, i <em>dlaczego ktokolwiek mia\u0142by nazwa\u0107 dziecko \u201eDrugim\u201d?<\/em><\/p>\n\n\n<style>\n\t#banner-section-2-at-block_9e94a007e31caaa2ef4dd77698071491.banner-at--bg{\n\t\t\tbackground-image: url('https:\/\/www.taalhammer.com\/wp-content\/themes\/taalhammer-theme\/assets\/images\/png\/banner-bg3.png');\n\t\t\tbackground-color: #ffffff;\n\t\t\tborder: 0px solid #FFD600;\n\t}\n\t@media only screen and (max-width: 550px) {\n\t\t#banner-section-2-at-block_9e94a007e31caaa2ef4dd77698071491.banner-at--bg {\n\t\t\tbackground-image: url('https:\/\/www.taalhammer.com\/wp-content\/themes\/taalhammer-theme\/assets\/images\/png\/banner-bg3-mob.png');\n\t\t\tborder: none;\n\t\t}\n\t}\n\t@media only screen and (max-width: 916px) {\n\t\tmain #banner-section-2-at-block_9e94a007e31caaa2ef4dd77698071491.banner-at--bg {\n\t\t\tbackground-image: url('https:\/\/www.taalhammer.com\/wp-content\/themes\/taalhammer-theme\/assets\/images\/png\/banner-bg3-mob.png');\n\t\t\tborder: none;\n\t\t}\n\t}\n\t#banner-section-2-at-block_9e94a007e31caaa2ef4dd77698071491 .banner-at__subtitle {\n\t\tcolor: #FFD600;\n\t}\n\t#banner-section-2-at-block_9e94a007e31caaa2ef4dd77698071491 .banner-at__title {\n\t\tcolor: #ffffff;\n\t}\n\t#banner-section-2-at-block_9e94a007e31caaa2ef4dd77698071491 .banner-at__content .content-at__text{\n\t\tcolor: #ffffff;\n\t}\n\t#banner-section-2-at-block_9e94a007e31caaa2ef4dd77698071491 .banner-at__btn .btn-at {\n\t\tbackground: inherit;\n\t\tcolor: #ffffff;\n\t\tborder: 1px solid rgba(255, 214, 0, 1);\n\t\tbox-shadow: none;\n\t}\n\t#banner-section-2-at-block_9e94a007e31caaa2ef4dd77698071491 .banner-at__btn .btn-at:hover {\n\t\tbackground: #ffd600;\n\t\tcolor: #161616;\n\t\tborder: 1px solid rgba(255, 214, 0, 1);\n\t}\n<\/style>\n<div class=\"banner-at at-ff banner-at--bg\" id=\"banner-section-2-at-block_9e94a007e31caaa2ef4dd77698071491\">\n\t<div class=\"banner-at__wrap banner-at__wrap--end\">\n\t\t\t\t<div class=\"banner-at__right\">\n\t\t\t\t\t\t\t\t\t\t\t\t\t\t<div class=\"banner-at__subtitle\">Ka\u017cdy ma talent do nauki j\u0119zyk\u00f3w<\/div>\n\t\t\t\t\t\t\t\t\t\t\t\t\t\t\t\t\t\t<div class=\"banner-at__title\">Dziwne imiona to dopiero pocz\u0105tek.<\/div>\n\t\t\t\t\t\t\t\t<div class=\"banner-at__content content-at\">\n\t\t\t\t\t\t\t\t\t\t\t\t<div class=\"content-at__text\">Zobacz, jak Taalhammer pokazuje ci j\u0119zyk tak, jak naprawd\u0119 si\u0119 go u\u017cywa. Z kontekstem, emocj\u0105 i bez nudy.<\/div>\n\t\t\t\t\t\t\t\t\t\t<\/div>\n\t\t\t\t\t\t\t\t\t\t\t\t<div class=\"banner-at__btn\">\n\t\t\t\t\t\t<a class=\"btn-at\" rel=\"nofollow\" href=\"https:\/\/www.taalhammer.com\/pl\/\" cta-type=\"cta-banner-pl-learn-with-sentences\" data-cta-track=\"true\" data-cta-position=\"start-text\">Chc\u0119 zacz\u0105\u0107 nauk\u0119 teraz<\/a>\n\t\t\t\t\t<\/div>\n\t\t\t\t\t\t\t\t\t<\/div>\n\t<\/div>\n<\/div>\n\n\n\n<div class=\"wp-block-ht-block-toc  is-style-outline htoc htoc--position-wide toc-list-style-plain\" data-htoc-state=\"expanded\"><span class=\"htoc__title\"><span class=\"ht_toc_title\">Spis tre\u015bci<\/span><span class=\"htoc__toggle\"><svg xmlns=\"http:\/\/www.w3.org\/2000\/svg\" width=\"16\" height=\"16\"><g fill=\"#444\"><path d=\"M15 7H1c-.6 0-1 .4-1 1s.4 1 1 1h14c.6 0 1-.4 1-1s-.4-1-1-1z\"><\/path><path d=\"M15 1H1c-.6 0-1 .4-1 1s.4 1 1 1h14c.6 0 1-.4 1-1s-.4-1-1-1zM15 13H1c-.6 0-1 .4-1 1s.4 1 1 1h14c.6 0 1-.4 1-1s-.4-1-1-1z\"><\/path><\/g><\/svg><\/span><\/span><div class=\"htoc__itemswrap\"><ul class=\"ht_toc_list\"><li class=\"\"><a href=\"#h-najdziwniejsze-wloskie-imiona-zenskie\">Najdziwniejsze w\u0142oskie imiona \u017ce\u0144skie<\/a><ul class=\"ht_toc_child_list\"><li class=\"\"><a href=\"#htoc-imiona-biblijne-i-maryjne\">Imiona biblijne i maryjne<\/a><\/li><li class=\"\"><a href=\"#h-imiona-od-cech-i-cnot\">Imiona od cech i cn\u00f3t<\/a><\/li><\/ul><\/li><li class=\"\"><a href=\"#htoc-najdziwniejsze-w-oskie-imiona-m-skie\">Najdziwniejsze w\u0142oskie imiona m\u0119skie<\/a><ul class=\"ht_toc_child_list\"><li class=\"\"><a href=\"#htoc-imiona-biblijne-religijne-i-z-intencj\">Imiona biblijne, religijne i \u201ez intencj\u0105\u201d<\/a><\/li><li class=\"\"><a href=\"#htoc-h3-imiona-od-wi-t-kalendarza-i-natury\">H3: Imiona od \u015bwi\u0105t, emocji i natury<\/a><\/li><li class=\"\"><a href=\"#htoc-imiona-od-liczebnik-w-i-porz-dk-w\">Imiona od liczebnik\u00f3w i porz\u0105dk\u00f3w<\/a><\/li><\/ul><\/li><li class=\"\"><a href=\"#h-czy-te-imiona-naprawde-sie-nosi\">Czy te imiona naprawd\u0119 si\u0119 nosi?<\/a><ul class=\"ht_toc_child_list\"><li class=\"\"><a href=\"#htoc-imiona-kt-re-nadal-funkcjonuj\">Imiona, kt\u00f3re nadal funkcjonuj\u0105<\/a><\/li><li class=\"\"><a href=\"#htoc-imiona-kt-re-przechodz-do-historii\">Imiona, kt\u00f3re przechodz\u0105 do historii<\/a><\/li><li class=\"\"><a href=\"#htoc-imiona-kt-re-wracaj\">Imiona, kt\u00f3re wracaj\u0105<\/a><\/li><li class=\"\"><a href=\"#htoc-czy-w-osi-si-im-dziwi\">Czy W\u0142osi si\u0119 im dziwi\u0105?<\/a><\/li><\/ul><\/li><li class=\"\"><a href=\"#htoc-co-te-imiona-m-wi-o-w-oszech\">Co te imiona m\u00f3wi\u0105 o W\u0142oszech?<\/a><ul class=\"ht_toc_child_list\"><li class=\"\"><a href=\"#htoc-w-ochy-s-g-boko-zakorzenione-w-religii\">W\u0142ochy s\u0105 g\u0142\u0119boko zakorzenione w religii<\/a><\/li><li class=\"\"><a href=\"#htoc-w-ochy-kochaj-tradycj-nawet-je-li-jest-dziwna\">W\u0142ochy kochaj\u0105 tradycj\u0119 \u2014 nawet je\u015bli jest dziwna<\/a><\/li><li class=\"\"><a href=\"#htoc-w-osi-my-l-o-imionach-przez-pryzmat-warto-ci\">W\u0142osi my\u015bl\u0105 o imionach przez pryzmat warto\u015bci<\/a><\/li><li class=\"\"><a href=\"#h-regiony-maja-ogromne-znaczenie\">Regiony maj\u0105 ogromne znaczenie<\/a><\/li><\/ul><\/li><li class=\"\"><a href=\"#htoc-najcz-stsze-pytania-o-dziwne-w-oskie-imiona-faq\">FAQ &#8211; Najcz\u0119stsze pytania o dziwne w\u0142oskie imiona <\/a><ul class=\"ht_toc_child_list\"><li class=\"\"><a href=\"#h-czy-naprawde-ktos-ma-na-imie-crocifissa\">Czy naprawd\u0119 kto\u015b ma na imi\u0119 Crocifissa?<\/a><\/li><li class=\"\"><a href=\"#h-czy-mozna-legalnie-dac-dziecku-takie-imie\">Czy mo\u017cna legalnie da\u0107 dziecku takie imi\u0119?<\/a><\/li><li class=\"\"><a href=\"#h-dlaczego-ktos-chcialby-nazwac-dziecko-drugim-albo-szczesciarzem\">Dlaczego kto\u015b chcia\u0142by nazwa\u0107 dziecko \u201eDrugim\u201d albo \u201eSzcz\u0119\u015bciarzem\u201d?<\/a><\/li><li class=\"\"><a href=\"#h-czy-wlosi-smieja-sie-z-tych-imion\">Czy W\u0142osi \u015bmiej\u0105 si\u0119 z tych imion?<\/a><\/li><li class=\"\"><a href=\"#h-czy-polacy-tez-maja-rownie-dziwne-imiona\">Czy Polacy te\u017c maj\u0105 r\u00f3wnie dziwne imiona?<\/a><\/li><li class=\"\"><a href=\"#h-czy-wlosi-nadal-nadaja-takie-imiona-noworodkom\">Czy W\u0142osi nadal nadaj\u0105 takie imiona noworodkom?<\/a><\/li><li class=\"\"><a href=\"#h-czy-wlosi-tlumacza-imiona-na-angielski-gdy-wyjezdzaja\">Czy W\u0142osi t\u0142umacz\u0105 imiona na angielski, gdy wyje\u017cd\u017caj\u0105?<\/a><\/li><li class=\"\"><a href=\"#h-czy-imie-moze-wskazywac-z-jakiego-regionu-ktos-pochodzi\">Czy imi\u0119 mo\u017ce wskazywa\u0107, z jakiego regionu kto\u015b pochodzi?<\/a><\/li><li class=\"\"><a href=\"#h-czy-mozna-zmienic-takie-imie\">Czy mo\u017cna zmieni\u0107 takie imi\u0119?<\/a><\/li><li class=\"\"><a href=\"#h-dlaczego-w-ogole-powstaly-takie-imiona\">Dlaczego w og\u00f3le powsta\u0142y takie imiona?<\/a><\/li><\/ul><\/li><\/ul><\/div><\/div>\n\n\n\n<h2 class=\"wp-block-heading\" id=\"h-najdziwniejsze-wloskie-imiona-zenskie\"><strong>Najdziwniejsze w\u0142oskie imiona \u017ce\u0144skie<\/strong><\/h2>\n\n\n\n<h3 class=\"wp-block-heading\" id=\"htoc-imiona-biblijne-i-maryjne\"><strong>Imiona biblijne i maryjne<\/strong><\/h3>\n\n\n\n<p><strong>Immacolata<\/strong><br>To imi\u0119 oznacza \u201eNiepokalana\u201d i odnosi si\u0119 do dogmatu Niepokalanego Pocz\u0119cia. W\u0142oszki o tym imieniu spotkasz g\u0142\u00f3wnie na po\u0142udniu \u2014 w Kampanii, Kalabrii, na Sycylii. Brzmi dumnie i podnio\u015ble, ale kiedy przet\u0142umaczymy je na polski, nie spos\u00f3b si\u0119 nie zdziwi\u0107: jak mo\u017cna nosi\u0107 imi\u0119 tak uroczyste?<\/p>\n\n\n\n<p>Chcesz dowiedzie\u0107 si\u0119 wi\u0119cej o regionach we W\u0142oszech? Przeczytaj m\u00f3j artyku\u0142: <a href=\"https:\/\/www.taalhammer.com\/pl\/dlaczego-warto-odwiedzic-wszystkie-regiony-wloch-dowiedz-sie-z-czego-slyna-wszystkie-regiony-wloch\/\" target=\"_blank\" rel=\"noreferrer noopener\">Dlaczego warto odwiedzi\u0107 wszystkie regiony W\u0142och? Dowiedz si\u0119 z czego s\u0142yn\u0105 wszystkie regiony W\u0142och<\/a><\/p>\n\n\n\n<p><strong>Assunta<\/strong><br>Wniebowzi\u0119ta \u2013 to dos\u0142owne znaczenie tego imienia. Pochodzi od \u015bwi\u0119ta Matki Boskiej Wniebowzi\u0119tej, kt\u00f3re przypada 15 sierpnia (po w\u0142osku to <a href=\"https:\/\/basiakaminska.pl\/ferragosto-co-to-za-swieto\/\" target=\"_blank\" rel=\"noreferrer noopener\">Ferragosto<\/a>). Dla Polaka imi\u0119 mo\u017ce brzmie\u0107 egzotycznie, ale we W\u0142oszech wci\u0105\u017c jest \u017cywe \u2013 zw\u0142aszcza w\u015br\u00f3d starszego pokolenia.<\/p>\n\n\n\n<p><strong>Addolorata<\/strong><br>Jedno z tych imion, kt\u00f3re wywo\u0142uj\u0105 konsternacj\u0119, zanim jeszcze dowiesz si\u0119, co znacz\u0105. A znaczy \u201eBole\u015bciwa\u201d. To nawi\u0105zanie do Matki Boskiej Bolesnej \u2013 silne, g\u0142\u0119boko emocjonalne, ale w dos\u0142ownym przek\u0142adzie brzmi dramatycznie.<\/p>\n\n\n\n<p><strong>Crocifissa<\/strong><br>Najbardziej ekstremalne z ca\u0142ej grupy. Dos\u0142ownie: \u201eUkrzy\u017cowana\u201d. W\u0142oskie rodziny nadawa\u0142y to imi\u0119 z my\u015bl\u0105 o uto\u017csamieniu z cierpieniem Chrystusa. Dzi\u015b raczej nie wraca do \u0142ask \u2014 chyba \u017ce w literaturze religijnej.<\/p>\n\n\n\n<p><strong>Santina<\/strong><br>To zdrobnienie od \u201e\u015bwi\u0119ta\u201d, czyli takie w\u0142oskie \u201e\u015awi\u0119tusia\u201d. Brzmi \u0142agodnie i dziewcz\u0119co, ale w Polsce mo\u017ce wywo\u0142a\u0107 niezamierzon\u0105 ironi\u0119. We W\u0142oszech, szczeg\u00f3lnie na po\u0142udniu, nadal bywa u\u017cywane \u2014 cho\u0107 g\u0142\u00f3wnie przez starsze pokolenie.<\/p>\n\n\n\n<p>Koniecznie przeczytaj m\u00f3j artyku\u0142 o tym <a href=\"https:\/\/www.taalhammer.com\/pl\/jak-tworzyc-zdrobnienia-i-zgrubienia-rzeczownikow-we-wloskim\/\" target=\"_blank\" rel=\"noreferrer noopener\">jak tworzy\u0107 zdrobnienia i zgrubienia rzeczownik\u00f3w we w\u0142oskim<\/a>, \u017ceby nauczy\u0107 si\u0119 innych ko\u0144c\u00f3wek typowych kiedy zdrabniamy s\u0142owa.<\/p>\n\n\n\n<p><strong>Carit\u00e0<\/strong><br>Oznacza \u201emi\u0142osierdzie\u201d lub \u201edobroczynno\u015b\u0107\u201d. Imi\u0119 o g\u0142\u0119bokim znaczeniu teologicznym. Bardzo rzadko nadawane wsp\u00f3\u0142cze\u015bnie, ale pojawia si\u0119 w dawnych aktach chrztu, szczeg\u00f3lnie w rodzinach zwi\u0105zanych z Ko\u015bcio\u0142em.<\/p>\n\n\n\n<p><strong>Ciekawostka<\/strong>: polskie, bardzo popularne imi\u0119 Beata r\u00f3wnie\u017c jest zwi\u0105zane z religi\u0105, poniewa\u017c w dos\u0142ownym t\u0142umaczeniu znaczy &#8220;B\u0142ogos\u0142awiona&#8221;. <\/p>\n\n\n\n<h3 class=\"wp-block-heading\" id=\"h-imiona-od-cech-i-cnot\">Imiona od cech i cn\u00f3t<\/h3>\n\n\n\n<p><strong>Onesta<\/strong><br>Czyli \u201euczciwa\u201d. W\u0142oskie imi\u0119, kt\u00f3re brzmi jak deklaracja moralna. Dzi\u015b wydaje si\u0119 anegdotyczne, ale przez lata funkcjonowa\u0142o jako powa\u017cne imi\u0119 kobiece \u2013 znak intencji rodzic\u00f3w.<\/p>\n\n\n\n<p><strong>Modesta<\/strong><br>\u201eSkromna\u201d \u2013 dos\u0142ownie i bezpo\u015brednio. Pochodzi z \u0142aciny, a przez wieki by\u0142o popularne w rodzinach zakonnych i bardzo tradycyjnych. Dzi\u015b praktycznie niespotykane, mo\u017ce poza bardzo konserwatywnymi kr\u0119gami.<\/p>\n\n\n\n<p><strong>Speranza<\/strong><br>Czyli \u201enadzieja\u201d. Jedna z trzech cn\u00f3t chrze\u015bcija\u0144skich. Cho\u0107 nadal rzadkie, to imi\u0119 wraca powoli do \u0142ask, zw\u0142aszcza w p\u00f3\u0142nocnych W\u0142oszech. Dla polskiego ucha mo\u017ce brzmie\u0107 zaskakuj\u0105co, ale na tle innych \u2013 do\u015b\u0107 \u0142agodnie.<\/p>\n\n\n\n<p><strong>Gaudenzia<\/strong><br>Brzmi jak co\u015b mi\u0119dzy oper\u0105 a staro\u017cytnym Rzymem. Oznacza \u201eradosna\u201d, \u201epe\u0142na wewn\u0119trznej rado\u015bci\u201d. Jest \u017ce\u0144sk\u0105 form\u0105 imienia Gaudenzio i spotyka si\u0119 j\u0105 ju\u017c tylko w starszych dokumentach lub w literaturze.<\/p>\n\n\n\n<p><strong>Alba<\/strong><br>Po w\u0142osku: \u201e\u015bwit\u201d. Imi\u0119 \u017ce\u0144skie, subtelne i jasne, o niezwykle pozytywnym wyd\u017awi\u0119ku. Kojarzy si\u0119 z pocz\u0105tkiem, z czym\u015b nowym i czystym. Cho\u0107 w Polsce ma zupe\u0142nie inne konotacje, we W\u0142oszech jest uznawane za pi\u0119kne i literackie.<\/p>\n\n\n\n<h2 class=\"wp-block-heading\" id=\"htoc-najdziwniejsze-w-oskie-imiona-m-skie\"><strong>Najdziwniejsze w\u0142oskie imiona m\u0119skie<\/strong><\/h2>\n\n\n\n<h3 class=\"wp-block-heading\" id=\"htoc-imiona-biblijne-religijne-i-z-intencj\"><strong>Imiona biblijne, religijne i \u201ez intencj\u0105\u201d<\/strong><\/h3>\n\n\n\n<p><strong>Lazzaro<\/strong><br>To w\u0142oska wersja biblijnego imienia \u0141azarz \u2014 tego, kt\u00f3rego Jezus wskrzesi\u0142 z martwych. Brzmi powa\u017cnie, dramatycznie i dzi\u015b raczej nie jest ch\u0119tnie nadawane, cho\u0107 w niekt\u00f3rych regionach W\u0142och mo\u017cna jeszcze spotka\u0107 starszych pan\u00f3w o tym imieniu. W Polsce budzi jednoznaczne skojarzenia z grobem i cudownym zmartwychwstaniem, wi\u0119c trudno sobie wyobrazi\u0107, by sta\u0142o si\u0119 popularne.<\/p>\n\n\n\n<p><strong>Gesualdo<\/strong><br>Brzmi jak arystokratyczne nazwisko albo posta\u0107 z powie\u015bci historycznej, ale to naprawd\u0119 imi\u0119 \u2014 wywodz\u0105ce si\u0119 od \u201eGes\u00f9\u201d, czyli Jezusa. Ma\u0142o kto zdaje sobie spraw\u0119 z jego znaczenia, dop\u00f3ki nie przyjrzy si\u0119 mu bli\u017cej. Dzi\u015b w\u0142a\u015bciwie niespotykane, cho\u0107 jeszcze w XIX wieku pojawia\u0142o si\u0119 regularnie.<\/p>\n\n\n\n<p><strong>Epifanio<\/strong><br>Rzadkie, ale nadal obecne we w\u0142oskiej onomastyce. Odnosi si\u0119 do \u201eEpifanii\u201d, czyli \u015bwi\u0119ta Trzech Kr\u00f3li. Brzmi archaicznie i formalnie \u2013 mo\u017ce dlatego, \u017ce nosz\u0105 je g\u0142\u00f3wnie osoby urodzone w bardzo religijnych domach lub w dawnych czasach. \u017be\u0144ska wersja, <em>Epifania<\/em>, jest jeszcze rzadsza, ale tak\u017ce notowana.<\/p>\n\n\n\n<h3 class=\"wp-block-heading\" id=\"htoc-h3-imiona-od-wi-t-kalendarza-i-natury\"><strong>H3: Imiona od \u015bwi\u0105t, emocji i natury<\/strong><\/h3>\n\n\n\n<p>Zgodnie z ustalonym stylem: narracyjnie, z pogrubionymi imionami, bez tabel. To grupa imion, kt\u00f3re <strong>w\u0142oska tradycja \u0142\u0105czy z datami, zjawiskami przyrody lub kolorami<\/strong>. Czasem s\u0105 uroczyste, czasem liryczne, a czasem brzmi\u0105 dla Polaka po prostu&#8230; zaskakuj\u0105co.<\/p>\n\n\n\n<p><strong>Pasquale<\/strong><br>Imi\u0119 oznaczaj\u0105ce po prostu \u201eWielkanocny\u201d (od s\u0142owa <strong>Pasqua<\/strong> &#8211; Wielkanoc). Nadawane najcz\u0119\u015bciej ch\u0142opcom urodzonym w okolicach Paschy. We W\u0142oszech \u2014 zw\u0142aszcza na po\u0142udniu &#8211; bardzo popularne, w Polsce natomiast brzmi jak przej\u0119zyczenie albo przezwisko. Jako ciekawostka: istnieje \u017ce\u0144ska wersja \u2013 <em>Pasqua<\/em> \u2013 ale jest znacznie rzadsza.<\/p>\n\n\n\n<p><strong>Natale<\/strong><br>Bo\u017ce Narodzenie jako imi\u0119 w\u0142asne? We W\u0142oszech \u2013 jak najbardziej. <em>Natale<\/em> to m\u0119skie imi\u0119 dla ch\u0142opc\u00f3w urodzonych w grudniu, szczeg\u00f3lnie w Wigili\u0119 lub w dzie\u0144 \u015bwi\u0105t. W polskim kontek\u015bcie brzmi absolutnie surrealistycznie, ale we W\u0142oszech do dzi\u015b funkcjonuje ca\u0142kiem swobodnie.<\/p>\n\n\n\n<p><strong>Pacifico<\/strong><br>To imi\u0119 znaczy dos\u0142ownie \u201epokojowy\u201d lub \u201espokojny\u201d. Ma przyjemne, \u0142agodne brzmienie, ale jednocze\u015bnie co\u015b z patosu. Dzi\u015b rzadko nadawane, cz\u0119\u015bciej spotykane jako nazwisko lub nazwa ulicy. Dla Polaka \u2014 brzmi jak marka wody mineralnej lub nazwa oceanu.<\/p>\n\n\n\n<p><strong>Fortunato<\/strong><br>Szcz\u0119\u015bciarz. Dos\u0142ownie. To jedno z tych imion, kt\u00f3re nosz\u0105 w sobie nadziej\u0119 i oczekiwanie \u2014 rodzice nadaj\u0105 je, \u017cycz\u0105c dziecku pomy\u015blno\u015bci. Paradoksalnie, wiele postaci literackich o tym imieniu ko\u0144czy\u0142o tragicznie\u2026 Mo\u017ce dlatego dzi\u015b si\u0119 go raczej unika?<\/p>\n\n\n\n<p><strong>Gaudenzio<\/strong><br>Ma\u0142o znane, ale bardzo klasyczne \u2014 pochodzi od \u0142aci\u0144skiego <em>gaudium<\/em>, czyli \u201erado\u015b\u0107\u201d. Trudne do wym\u00f3wienia, ci\u0119\u017ckie w brzmieniu, ale bogate kulturowo. W Polsce praktycznie nieznane, we W\u0142oszech spotykane g\u0142\u00f3wnie w p\u00f3\u0142nocnych regionach i w starszym pokoleniu.<\/p>\n\n\n\n<p><strong>Celeste<\/strong><br>To imi\u0119 dos\u0142ownie znaczy \u201eniebia\u0144ski\u201d lub \u201eb\u0142\u0119kitny\u201d. Nale\u017cy do tej rzadkiej grupy imion, kt\u00f3re mog\u0105 by\u0107 nadawane zar\u00f3wno dziewczynkom, jak i ch\u0142opcom. Brzmi poetycko i lekko, ale dla osoby ucz\u0105cej si\u0119 w\u0142oskiego mo\u017ce si\u0119 wyda\u0107 bardziej kolorem ni\u017c imieniem. Dzi\u015b nadal spotykane \u2013 szczeg\u00f3lnie w rodzinach ceni\u0105cych liryczne, nietypowe brzmienia.<\/p>\n\n\n\n<p><strong>Bruno<\/strong><br>To imi\u0119 pochodzi od s\u0142owa \u201ebruno\u201d, oznaczaj\u0105cego \u201eciemnow\u0142osy\u201d lub \u201ebrunet\u201d. Jest bardzo popularne, zw\u0142aszcza w p\u00f3\u0142nocnych i \u015brodkowych W\u0142oszech. Ma m\u0119skie, mocne brzmienie i historyczne konotacje (\u015bwi\u0119ty Bruno, filozof Giordano Bruno). Cho\u0107 dos\u0142owne znaczenie jest zaskakuj\u0105ce, we W\u0142oszech nie budzi \u017cadnych skojarze\u0144 z kolorem w\u0142os\u00f3w \u2014 to po prostu klasyczne imi\u0119.<\/p>\n\n\n\n<h3 class=\"wp-block-heading\" id=\"htoc-imiona-od-liczebnik-w-i-porz-dk-w\"><strong>Imiona od liczebnik\u00f3w i porz\u0105dk\u00f3w<\/strong><\/h3>\n\n\n\n<p>To jeden z tych przypadk\u00f3w, gdzie <strong>w\u0142oski pragmatyzm i katolicka tradycja<\/strong> spotykaj\u0105 si\u0119 w akcie urodzenia. Dziecko urodzone jako pierwsze? <em>Primo.<\/em> Drugie? <em>Secondo.<\/em> \u00d3sme? <em>Ottavio.<\/em><br>Brzmi jak \u017cart? A jednak \u2013 to <strong>autentyczne imiona<\/strong>, kt\u00f3re w niekt\u00f3rych rodzinach by\u0142y nadawane bez zb\u0119dnego kombinowania.<\/p>\n\n\n\n<p><strong>Primo<\/strong><br>Czyli po prostu \u201epierwszy\u201d. U\u017cywane g\u0142\u00f3wnie wtedy, gdy dziecko by\u0142o pierworodne \u2014 szczeg\u00f3lnie w du\u017cych, wiejskich rodzinach. Brzmi kr\u00f3tko i mocno, ma w sobie co\u015b dumnego. Dzi\u015b rzadkie, ale w starszych pokoleniach wci\u0105\u017c obecne.<\/p>\n\n\n\n<p><strong>Secondo<\/strong><br>\u201eDrugi\u201d \u2013 i to dos\u0142ownie. To imi\u0119, kt\u00f3re prawdopodobnie powsta\u0142o z potrzeby uporz\u0105dkowania dzieci w rodzinach z pi\u0119ciorgiem lub siedmiorgiem potomstwa. W Polsce kojarzy\u0142oby si\u0119 raczej z menu obiadowym ni\u017c z imieniem, ale we W\u0142oszech funkcjonowa\u0142o ca\u0142kiem powa\u017cnie.<\/p>\n\n\n\n<p><strong>Terzo<\/strong><br>Czyli \u201etrzeci\u201d. Spotykane rzadziej ni\u017c Primo czy Secondo, ale nadal obecne w dokumentach sprzed dekad. Brzmi ju\u017c troch\u0119 surowo \u2014 jak nazwa sekcji w dokumencie prawnym \u2014 i raczej nie wraca dzi\u015b do mody.<\/p>\n\n\n\n<p><strong>Quarto<\/strong><br>\u201eCzwarty\u201d. Z ka\u017cdym kolejnym takim imieniem zdziwienie ro\u015bnie, ale logika pozostaje ta sama. Dziecko jako kolejny numer w kolejno\u015bci. W\u0142osi, zw\u0142aszcza w rodzinach robotniczych lub ch\u0142opskich, potrafili podej\u015b\u0107 do sprawy imion bardzo systemowo.<\/p>\n\n\n\n<p><strong>Ottavio<\/strong><br>To imi\u0119 pochodzi od \u201eottavo\u201d, czyli \u201e\u00f3smy\u201d. Ma jednak szlachecki, klasyczny wyd\u017awi\u0119k \u2014 kojarzy si\u0119 z Cesarstwem Rzymskim, kultur\u0105 antyczn\u0105. Brzmi dostojnie, mimo \u017ce jego \u017ar\u00f3d\u0142o to po prostu liczba. Dzi\u015b mo\u017cna je jeszcze spotka\u0107, cho\u0107 najcz\u0119\u015bciej w literaturze lub w\u015br\u00f3d arystokratycznych nazwisk.<\/p>\n\n\n\n<p>Je\u015bli dopiero zaczynasz przygod\u0119  z j\u0119zykiem w\u0142oskim i jeszcze nie znasz liczebnik\u00f3w, przeczytaj artyku\u0142 <a href=\"https:\/\/www.taalhammer.com\/pl\/liczebniki-po-wlosku-jak-je-zapamietac-i-uzywac-w-rozmowie\/\" target=\"_blank\" rel=\"noreferrer noopener\">Liczebniki po w\u0142osku \u2013 jak je zapami\u0119ta\u0107 i u\u017cywa\u0107 w rozmowie?<\/a><\/p>\n\n\n\n<h2 class=\"wp-block-heading\" id=\"h-czy-te-imiona-naprawde-sie-nosi\"><strong>Czy te imiona naprawd\u0119 si\u0119 nosi?<\/strong><\/h2>\n\n\n\n<p>W\u0142oskie imi\u0119 <em>Crocifissa<\/em> mo\u017ce brzmie\u0107 jak scenariusz \u017cartu j\u0119zykowego, ale\u2026 to nie \u017cart. Takie imiona <strong>naprawd\u0119 istniej\u0105<\/strong> \u2013 i nie tylko w teorii.<\/p>\n\n\n\n<h3 class=\"wp-block-heading\" id=\"htoc-imiona-kt-re-nadal-funkcjonuj\"><strong>Imiona, kt\u00f3re nadal funkcjonuj\u0105<\/strong><\/h3>\n\n\n\n<p>W rejestrach urodze\u0144 (np. <a href=\"https:\/\/www.istat.it\/en\/\" target=\"_blank\" rel=\"noreferrer noopener\">ISTAT<\/a>) wci\u0105\u017c pojawiaj\u0105 si\u0119 klasyczne imiona religijno-kulturowe jak:<br><strong>Pasquale<\/strong>, <strong>Natale<\/strong>, <strong>Bruno<\/strong>, <strong>Rosa<\/strong>, <strong>Assunta<\/strong>, <strong>Fortunato<\/strong>, <strong>Alba<\/strong>, <strong>Celeste<\/strong>.<\/p>\n\n\n\n<p>Te imiona nie budz\u0105 wi\u0119kszych emocji \u2014 s\u0105 <strong>cz\u0119\u015bci\u0105 w\u0142oskiego krajobrazu j\u0119zykowego<\/strong>, szczeg\u00f3lnie w regionach takich jak Kampania, Apulia, Kalabria. Dzi\u015b mo\u017ce mniej modne, ale wci\u0105\u017c \u017cywe.<\/p>\n\n\n\n<blockquote class=\"wp-block-quote is-layout-flow wp-block-quote-is-layout-flow\">\n<p id=\"htoc-mam-na-imi-natale-urodzi-em-si-25-grudnia-moja-siostra-to-pasqua-przysz-a-na-wiat-w-wielkanoc-proste-komentarz-z-forum-dla-przysz-ych-rodzic-w\"><em>\u201eMam na imi\u0119 Natale, urodzi\u0142em si\u0119 25 grudnia. Moja siostra to Pasqua \u2014 przysz\u0142a na \u015bwiat w Wielkanoc. Proste.\u201d<\/em><br>(komentarz z forum dla przysz\u0142ych rodzic\u00f3w)<\/p>\n<\/blockquote>\n\n\n\n<h3 class=\"wp-block-heading\" id=\"htoc-imiona-kt-re-przechodz-do-historii\"><strong>Imiona, kt\u00f3re przechodz\u0105 do historii<\/strong><\/h3>\n\n\n\n<p><strong>Crocifissa<\/strong>, <strong>Addolorata<\/strong>, <strong>Secondo<\/strong>, <strong>Onesta<\/strong>, <strong>Carit\u00e0<\/strong> \u2014 te nale\u017c\u0105 raczej do metryk sprzed dziesi\u0119cioleci.<br>Wsp\u00f3\u0142cze\u015bnie prawie si\u0119 ich nie nadaje. Wyst\u0119puj\u0105 w\u015br\u00f3d bab\u0107, dziadk\u00f3w, ciotek z po\u0142udnia W\u0142och. M\u0142odsze pokolenia raczej ich unikaj\u0105 \u2014 z powodu brzmienia, znaczenia albo po prostu kontekstu.<\/p>\n\n\n\n<blockquote class=\"wp-block-quote is-layout-flow wp-block-quote-is-layout-flow\">\n<p id=\"htoc-m-j-dziadek-by-secondo-zawsze-powtarza-e-nie-cierpi-by-drugi-immacolata-to-mia-a-moja-s-siadka-jej-c-rka-ju-dosta-a-na-imi-chiara\"><em>\u201eM\u00f3j dziadek nazywa\u0142 si\u0119 Secondo. Zawsze powtarza\u0142, \u017ce nie cierpi by\u0107 &#8220;drugi\u2019.\u201d<\/em><br><em>\u201eImmacolata? Tak mia\u0142a na imi\u0119 moja s\u0105siadka. Jej c\u00f3rka ju\u017c dosta\u0142a na imi\u0119 Chiara.\u201d<\/em><\/p>\n<\/blockquote>\n\n\n\n<h3 class=\"wp-block-heading\" id=\"htoc-imiona-kt-re-wracaj\"><strong>Imiona, kt\u00f3re wracaj\u0105<\/strong><\/h3>\n\n\n\n<p>Zaskakuj\u0105co, <strong>Speranza<\/strong>, <strong>Celeste<\/strong>, <strong>Alba<\/strong> czy nawet <strong>Bruna<\/strong> pojawiaj\u0105 si\u0119 zn\u00f3w w\u015br\u00f3d noworodk\u00f3w.<br>Maj\u0105 <strong>delikatny, literacki charakter<\/strong> i s\u0105 cenione za symbolik\u0119: \u015bwiat\u0142o, czysto\u015b\u0107, nadziej\u0119, niebo.<\/p>\n\n\n\n<blockquote class=\"wp-block-quote is-layout-flow wp-block-quote-is-layout-flow\">\n<p id=\"htoc-celeste-brzmi-jak-imi-anio-a-kr-tkie-agodne-niebanalne\"><em>\u201eCeleste brzmi jak imi\u0119 anio\u0142a. Kr\u00f3tkie, \u0142agodne, niebanalne.\u201d<\/em><\/p>\n<\/blockquote>\n\n\n\n<h3 class=\"wp-block-heading\" id=\"htoc-czy-w-osi-si-im-dziwi\"><strong>Czy W\u0142osi si\u0119 im dziwi\u0105?<\/strong><\/h3>\n\n\n\n<p>Tak \u2013 <strong>i to ca\u0142kiem otwarcie<\/strong>. Cho\u0107 niekt\u00f3re imiona s\u0105 \u201ezawsze by\u0142y, wi\u0119c s\u0105\u201d, wiele z nich budzi zdziwienie r\u00f3wnie\u017c u samych W\u0142och\u00f3w.<\/p>\n\n\n\n<blockquote class=\"wp-block-quote is-layout-flow wp-block-quote-is-layout-flow\">\n<p id=\"htoc-addolorata-brzmi-jak-b-l-z-metryki-gdyby-kto-dzi-nazwa-c-rk-onesta-pomy-la-abym-e-to-manifest-polityczny\"><em>\u201eAddolorata brzmi jak b\u00f3l z metryki.\u201d<\/em><br><em>\u201eGdyby kto\u015b dzi\u015b nazwa\u0142 c\u00f3rk\u0119 Onesta, pomy\u015bla\u0142abym, \u017ce to manifest polityczny.\u201d<\/em><\/p>\n<\/blockquote>\n\n\n\n<p>W praktyce \u2013 <strong>granica mi\u0119dzy \u201enormalnym\u201d a \u201edziwnym\u201d imieniem<\/strong> we W\u0142oszech przesuwa si\u0119 z pokolenia na pokolenie. To, co dla babci by\u0142o aktem wiary, dla wnuczki mo\u017ce by\u0107 powodem do zmiany danych.<\/p>\n\n\n\n<h2 class=\"wp-block-heading\" id=\"htoc-co-te-imiona-m-wi-o-w-oszech\"><strong>Co te imiona m\u00f3wi\u0105 o W\u0142oszech?<\/strong><\/h2>\n\n\n\n<p>Je\u015bli po przeczytaniu tej listy masz wra\u017cenie, \u017ce W\u0142osi \u017cyj\u0105 w jakim\u015b symbolicznym teatrze, w kt\u00f3rym ka\u017cde imi\u0119 co\u015b znaczy \u2013 to nie jeste\u015b daleko od prawdy.<\/p>\n\n\n\n<p>We W\u0142oszech <strong>imi\u0119 to no\u015bnik kultury, religii, historii rodzinnej i regionu<\/strong>. Wystarczy spojrze\u0107 na zestawienie: <em>Immacolata<\/em>, <em>Fortunato<\/em>, <em>Celeste<\/em>, <em>Pasquale<\/em>, <em>Onesta<\/em> \u2013 to nie tylko d\u017awi\u0119ki, ale deklaracje \u015bwiatopogl\u0105dowe.<\/p>\n\n\n\n<h3 class=\"wp-block-heading\" id=\"htoc-w-ochy-s-g-boko-zakorzenione-w-religii\"><strong>W\u0142ochy s\u0105 g\u0142\u0119boko zakorzenione w religii<\/strong><\/h3>\n\n\n\n<p>Znaczna cz\u0119\u015b\u0107 tych imion to bezpo\u015brednie odniesienia do \u015bwi\u0105t, dogmat\u00f3w i postaci katolickich. Tylko we W\u0142oszech mo\u017cna mie\u0107 cioci\u0119 o imieniu <em>Wniebowzi\u0119ta<\/em> (<em>Assunta<\/em>) albo s\u0105siadk\u0119 <em>Ukrzy\u017cowan\u0105<\/em> (<em>Crocifissa<\/em>).<\/p>\n\n\n\n<h3 class=\"wp-block-heading\" id=\"htoc-w-ochy-kochaj-tradycj-nawet-je-li-jest-dziwna\"><strong>W\u0142ochy kochaj\u0105 tradycj\u0119 \u2014 nawet je\u015bli jest dziwna<\/strong><\/h3>\n\n\n\n<p>Imiona przekazywane z pokolenia na pokolenie s\u0105 traktowane jak dziedzictwo. Czasem archaiczne, czasem absurdalne \u2014 ale <strong>niesie si\u0119 je dalej z szacunkiem<\/strong>. I nie bez powodu: imi\u0119 dziadka czy babci to cz\u0119sty wyb\u00f3r u m\u0142odych rodzic\u00f3w.<\/p>\n\n\n\n<h3 class=\"wp-block-heading\" id=\"htoc-w-osi-my-l-o-imionach-przez-pryzmat-warto-ci\"><strong>W\u0142osi my\u015bl\u0105 o imionach przez pryzmat warto\u015bci<\/strong><\/h3>\n\n\n\n<p>Cechy takie jak <em>uczciwo\u015b\u0107<\/em> (<em>Onesta<\/em>), <em>skromno\u015b\u0107<\/em> (<em>Modesta<\/em>), <em>wiara<\/em> (<em>Fede<\/em>) czy <em>mi\u0142osierdzie<\/em> (<em>Carit\u00e0<\/em>) staj\u0105 si\u0119 imionami. Dla W\u0142ocha to spos\u00f3b, by powiedzie\u0107: \u201eChcemy, by nasze dziecko w\u0142a\u015bnie takie by\u0142o\u201d.<\/p>\n\n\n\n<h3 class=\"wp-block-heading\" id=\"h-regiony-maja-ogromne-znaczenie\"><strong>Regiony maj\u0105 ogromne znaczenie<\/strong><\/h3>\n\n\n\n<p>To, czy spotkasz <em>Brun\u0119<\/em> czy <em>Speranz\u0119<\/em>, zale\u017cy od tego, czy jeste\u015b w Turynie, Neapolu czy Palermo. <strong>Po\u0142udnie W\u0142och<\/strong> jest bardziej religijne i tradycyjne \u2014 dlatego to tam nadal spotyka si\u0119 najwi\u0119cej <em>Immacolat<\/em> i <em>Assunt<\/em>.<\/p>\n\n\n\n<p>W skr\u00f3cie? <strong>W\u0142oskie imiona m\u00f3wi\u0105 wi\u0119cej ni\u017c paszport<\/strong>.<br>S\u0105 jak szyfry kulturowe: zdradzaj\u0105 nie tylko dat\u0119 urodzenia, ale te\u017c \u015bwiat warto\u015bci, pochodzenie, pokolenie i mentalno\u015b\u0107 rodziny.<\/p>\n\n\n<style>\n\t#banner-section-1-at-block_a31d9b3b70e4ccd4ecc9071cb622df7f.banner-at--bg{\n\t\t\tbackground-image: url('https:\/\/www.taalhammer.com\/wp-content\/themes\/taalhammer-theme\/assets\/images\/png\/banner-bg1.png');\n\t\t\tbackground-color: #ffffff;\n\t\t\tborder: 0px solid #FFD600;\n\t}\n\t@media only screen and (max-width: 550px) {\n\t\t#banner-section-1-at-block_a31d9b3b70e4ccd4ecc9071cb622df7f.banner-at--bg {\n\t\t\tbackground-image: url('https:\/\/www.taalhammer.com\/wp-content\/themes\/taalhammer-theme\/assets\/images\/png\/banner-bg1-mob.png');\n\t\t\tborder: none;\n\t\t}\n\t}\n\t@media only screen and (max-width: 916px) {\n\t\tmain #banner-section-1-at-block_a31d9b3b70e4ccd4ecc9071cb622df7f.banner-at--bg {\n\t\t\tbackground-image: url('https:\/\/www.taalhammer.com\/wp-content\/themes\/taalhammer-theme\/assets\/images\/png\/banner-bg1-mob.png');\n\t\t\tborder: none;\n\t\t}\n\t}\n\t#banner-section-1-at-block_a31d9b3b70e4ccd4ecc9071cb622df7f .banner-at__subtitle {\n\t\tcolor: #262626;\n\t}\n\t#banner-section-1-at-block_a31d9b3b70e4ccd4ecc9071cb622df7f .banner-at__subtitle--border {\n\t\tcolor: #262626;\n\t\tborder: 1px solid #262626;\n\t}\n\t#banner-section-1-at-block_a31d9b3b70e4ccd4ecc9071cb622df7f .banner-at__title {\n\t\tcolor: #161616;\n\t}\n\t#banner-section-1-at-block_a31d9b3b70e4ccd4ecc9071cb622df7f .banner-at__content .content-at__text{\n\t\tcolor: #161616;\n\t}\n\t#banner-section-1-at-block_a31d9b3b70e4ccd4ecc9071cb622df7f .banner-at__btn .btn-at {\n\t\tbackground: #ffd600;\n\t\tcolor: #161616;\n\t\tborder: 1px solid rgba(255, 214, 0, 1);\n\t\tbox-shadow: none;\n\t}\n\t#banner-section-1-at-block_a31d9b3b70e4ccd4ecc9071cb622df7f .banner-at__btn .btn-at:hover {\n\t\tbackground: inherit;\n\t\tcolor: #ffd600;\n\t\tborder: 1px solid rgba(255, 214, 0, 1);\n\t}\n<\/style>\n<div class=\"banner-at at-ff banner-at--bg\" id=\"banner-section-1-at-block_a31d9b3b70e4ccd4ecc9071cb622df7f\">\n\t<div class=\"banner-at__wrap banner-at__wrap--center\">\n\t\t\t\t\t<div class=\"banner-at__left\">\n\t\t\t\t<div class=\"img-wrap\">\n\t\t\t\t\t<div>\n\t\t\t\t\t\t<picture>\n\t\t\t\t\t\t\t<img decoding=\"async\" src=\"https:\/\/www.taalhammer.com\/wp-content\/themes\/taalhammer-theme\/assets\/images\/svg\/banner-img-1.svg\" alt=\"\" \/>\n\t\t\t\t\t\t<\/picture>\n\t\t\t\t\t<\/div>\n\t\t\t\t<\/div>\n\t\t\t<\/div>\n\t\t\t\t<div class=\"banner-at__right\">\n\t\t\t\t\t\t\t\t\t\t\t\t\t\t<div class=\"banner-at__subtitle banner-at__subtitle--border\">Crucifissa, Speranza, Fortunato&#8230;<\/div>\n\t\t\t\t\t\t\t\t\t\t\t\t\t\t\t\t\t\t<div class=\"banner-at__title\">W Taalhammerze klikniesz w ka\u017cde z tych s\u0142\u00f3w i zobaczysz nie tylko ich znaczenie, ale te\u017c autentyczne zdania, idiomy i kontekst.<\/div>\n\t\t\t\t\t\t\t\t<div class=\"banner-at__content content-at\">\n\t\t\t\t\t\t\t\t\t\t\t\t<div class=\"content-at__text\"><\/div>\n\t\t\t\t\t\t\t\t\t\t<\/div>\n\t\t\t\t\t\t\t\t\t\t\t\t<div class=\"banner-at__btn\">\n\t\t\t\t\t\t<a class=\"btn-at\" rel=\"nofollow\" href=\"https:\/\/www.taalhammer.com\/pl\/\" cta-type=\"cta-banner-pl-repetition\" data-cta-track=\"true\" data-cta-position=\"end-text\">Chc\u0119 zacz\u0105\u0107 nauk\u0119 teraz<\/a>\n\t\t\t\t\t<\/div>\n\t\t\t\t\t\t\t\t\t<\/div>\n\t<\/div>\n<\/div>\n\n\n\n<h2 class=\"wp-block-heading\" id=\"htoc-najcz-stsze-pytania-o-dziwne-w-oskie-imiona-faq\">FAQ &#8211; <strong>Najcz\u0119stsze pytania o dziwne w\u0142oskie imiona <\/strong><\/h2>\n\n\n\n<h3 class=\"wp-block-heading\" id=\"h-czy-naprawde-ktos-ma-na-imie-crocifissa\"><strong>Czy naprawd\u0119 kto\u015b ma na imi\u0119 <em>Crocifissa<\/em>?<\/strong><\/h3>\n\n\n\n<p>Tak. To nie fikcja literacka ani \u017cart z forum. W po\u0142udniowych W\u0142oszech \u2013 zw\u0142aszcza w regionach takich jak Kalabria czy Kampania \u2013 to imi\u0119 nadal pojawia si\u0119 w dokumentach, cho\u0107 dzi\u015b znacznie rzadziej. Spotykane g\u0142\u00f3wnie u starszych kobiet, kt\u00f3re nosz\u0105 je z dum\u0105 jako wyraz religijnego dziedzictwa.<\/p>\n\n\n\n<h3 class=\"wp-block-heading\" id=\"h-czy-mozna-legalnie-dac-dziecku-takie-imie\"><strong>Czy mo\u017cna legalnie da\u0107 dziecku takie imi\u0119?<\/strong><\/h3>\n\n\n\n<p>We W\u0142oszech tak. W\u0142oskie prawo pozwala na du\u017c\u0105 swobod\u0119 w nadawaniu imion, o ile nie s\u0105 obra\u017aliwe, nieczytelne ani jawnie szkodliwe. Imiona typu <em>Addolorata<\/em> (Bole\u015bciwa) czy <em>Secondo<\/em> (Drugi) nie s\u0105 prawnie zabronione \u2014 co wi\u0119cej, maj\u0105 wielowiekow\u0105 tradycj\u0119.<\/p>\n\n\n\n<h3 class=\"wp-block-heading\" id=\"h-dlaczego-ktos-chcialby-nazwac-dziecko-drugim-albo-szczesciarzem\"><strong>Dlaczego kto\u015b chcia\u0142by nazwa\u0107 dziecko \u201eDrugim\u201d albo \u201eSzcz\u0119\u015bciarzem\u201d?<\/strong><\/h3>\n\n\n\n<p>Bo dawniej imi\u0119 by\u0142o nie tylko to\u017csamo\u015bci\u0105, ale tak\u017ce\u2026 intencj\u0105. <em>Secondo<\/em> wskazywa\u0142o, \u017ce to drugie dziecko w rodzinie (prosto, praktycznie). <em>Fortunato<\/em> to imi\u0119 \u017cyczeniowe \u2014 rodzice chcieli, by ch\u0142opiec mia\u0142 szcz\u0119\u015bliwe \u017cycie. To troch\u0119 jak nazywa\u0107 kogo\u015b <em>Szcz\u0119sny<\/em> czy <em>Zbigniew<\/em> (czyli ten, kt\u00f3ry pokona\u0142 gniew).<\/p>\n\n\n\n<h3 class=\"wp-block-heading\" id=\"h-czy-wlosi-smieja-sie-z-tych-imion\"><strong>Czy W\u0142osi \u015bmiej\u0105 si\u0119 z tych imion?<\/strong><\/h3>\n\n\n\n<p>Czasami \u2014 tak. Zw\u0142aszcza m\u0142odsze pokolenia z du\u017cych miast. Ale bardzo cz\u0119sto to \u015bmiech czu\u0142y, rodzinny, a nie z\u0142o\u015bliwy. <em>Immacolata<\/em> mo\u017ce dzi\u015b brzmie\u0107 dziwnie, ale je\u015bli mia\u0142a tak na imi\u0119 ukochana babcia, to sentyment wygrywa z ironi\u0105.<\/p>\n\n\n\n<h3 class=\"wp-block-heading\" id=\"h-czy-polacy-tez-maja-rownie-dziwne-imiona\"><strong>Czy Polacy te\u017c maj\u0105 r\u00f3wnie dziwne imiona?<\/strong><\/h3>\n\n\n\n<p>Mamy imiona bardzo religijne (Bogumi\u0142, Bo\u017cena, Czes\u0142aw \u2013 czyli \u201eten, kt\u00f3ry czci s\u0142aw\u0119\u201d), ale <strong>w Polsce symbolika imion jest mniej bezpo\u015brednia<\/strong>. Rzadko zdarza si\u0119, \u017ceby kto\u015b nazywa\u0142 dziecko \u201eWniebowzi\u0119ta\u201d albo \u201eUczciwa\u201d \u2014 a w\u0142a\u015bnie z takimi przypadkami mamy do czynienia we W\u0142oszech.<\/p>\n\n\n\n<h3 class=\"wp-block-heading\" id=\"h-czy-wlosi-nadal-nadaja-takie-imiona-noworodkom\"><strong>Czy W\u0142osi nadal nadaj\u0105 takie imiona noworodkom?<\/strong><\/h3>\n\n\n\n<p>Niekt\u00f3re \u2013 tak (np. <em>Celeste<\/em>, <em>Speranza<\/em>, <em>Alba<\/em>, <em>Bruno<\/em>), inne \u2013 praktycznie nigdy (<em>Crocifissa<\/em>, <em>Onesta<\/em>, <em>Secondo<\/em>). Og\u00f3lny trend to powr\u00f3t do kr\u00f3tszych, melodyjnych i bardziej uniwersalnych imion. Ale w regionach, gdzie tradycja jest silniejsza ni\u017c moda, mo\u017cna nadal spotka\u0107 nowo narodzon\u0105 <em>Assunt\u0119<\/em>.<\/p>\n\n\n\n<h3 class=\"wp-block-heading\" id=\"h-czy-wlosi-tlumacza-imiona-na-angielski-gdy-wyjezdzaja\"><strong>Czy W\u0142osi t\u0142umacz\u0105 imiona na angielski, gdy wyje\u017cd\u017caj\u0105?<\/strong><\/h3>\n\n\n\n<p>Rzadko. W\u0142osi raczej zostaj\u0105 przy oryginalnych formach. Cho\u0107 zdarza si\u0119, \u017ce kto\u015b z <em>Fortunato<\/em> robi <em>Lucky<\/em>, a <em>Celeste<\/em> t\u0142umaczy na <em>Sky<\/em> \u2014 najcz\u0119\u015bciej dla \u017cartu lub na potrzeby medi\u00f3w spo\u0142eczno\u015bciowych.<\/p>\n\n\n\n<h3 class=\"wp-block-heading\" id=\"h-czy-imie-moze-wskazywac-z-jakiego-regionu-ktos-pochodzi\"><strong>Czy imi\u0119 mo\u017ce wskazywa\u0107, z jakiego regionu kto\u015b pochodzi?<\/strong><\/h3>\n\n\n\n<p>Zdecydowanie. Imiona typu <em>Immacolata<\/em>, <em>Addolorata<\/em>, <em>Pasquale<\/em> czy <em>Assunta<\/em> s\u0105 znacznie cz\u0119stsze na po\u0142udniu W\u0142och. Z kolei <em>Alba<\/em>, <em>Celeste<\/em> czy <em>Bruno<\/em> s\u0105 bardziej rozpowszechnione w centrum i na p\u00f3\u0142nocy. W\u0142osi maj\u0105 bardzo dobr\u0105 intuicj\u0119 regionaln\u0105 \u2014 wystarczy czasem jedno imi\u0119.<\/p>\n\n\n\n<h3 class=\"wp-block-heading\" id=\"h-czy-mozna-zmienic-takie-imie\"><strong>Czy mo\u017cna zmieni\u0107 takie imi\u0119?<\/strong><\/h3>\n\n\n\n<p>Tak, ale we W\u0142oszech \u2014 podobnie jak w Polsce \u2014 procedura zmiany imienia jest sformalizowana. Trzeba udowodni\u0107, \u017ce imi\u0119 przynosi szkod\u0119, o\u015bmiesza lub utrudnia funkcjonowanie. Zdarza si\u0119, \u017ce kto\u015b chce zmieni\u0107 <em>Onest\u0119<\/em> na <em>Chiara<\/em>, ale to rzadko\u015b\u0107.<\/p>\n\n\n\n<h3 class=\"wp-block-heading\" id=\"h-dlaczego-w-ogole-powstaly-takie-imiona\"><strong>Dlaczego w og\u00f3le powsta\u0142y takie imiona?<\/strong><\/h3>\n\n\n\n<p>Z potrzeby, z religii, z j\u0119zyka. W\u0142osi nadawali dzieciom imiona na cze\u015b\u0107 \u015bwi\u0105t, \u015bwi\u0119tych, cech moralnych albo&#8230; po prostu wed\u0142ug kolejno\u015bci urodzenia. To m\u00f3wi bardzo wiele o kulturze: <strong>zakorzenionej w rytuale, w symbolach, w emocjach \u2014 i nieboj\u0105cej si\u0119 dos\u0142owno\u015bci<\/strong>.<\/p>\n","protected":false},"excerpt":{"rendered":"<p>Us\u0142ysza\u0142am to pierwszy raz w kolejce na lotnisku. Kto\u015b zawo\u0142a\u0142: &#8220;Immacolata, vieni!&#8221; I przez u\u0142amek sekundy my\u015bla\u0142am, \u017ce to \u017cart. Ale nie \u2013 kobieta odwr\u00f3ci\u0142a si\u0119, u\u015bmiechn\u0119\u0142a i podesz\u0142a. Immacolata&#8230;<\/p>\n","protected":false},"author":636,"featured_media":14506,"comment_status":"open","ping_status":"closed","sticky":false,"template":"","format":"standard","meta":{"_acf_changed":false,"pmpro_default_level":"","inline_featured_image":false,"footnotes":""},"categories":[323],"tags":[],"class_list":["post-14504","post","type-post","status-publish","format-standard","has-post-thumbnail","hentry","category-nauka-wloskiego","pmpro-has-access"],"acf":[],"yoast_head":"<!-- This site is optimized with the Yoast SEO Premium plugin v23.4 (Yoast SEO v23.4) - https:\/\/yoast.com\/wordpress\/plugins\/seo\/ -->\n<title>Najdziwniejsze w\u0142oskie imiona \u2013 TOP 26 | Taalhammer<\/title>\n<meta name=\"description\" content=\"Najdziwniejsze w\u0142oskie imiona, kt\u00f3re naprawd\u0119 istniej\u0105. Zobacz ich znaczenie po polsku i dowiedz si\u0119, sk\u0105d si\u0119 wzi\u0119\u0142y razem z Taalhammerem.\" \/>\n<meta name=\"robots\" content=\"index, follow, max-snippet:-1, max-image-preview:large, max-video-preview:-1\" \/>\n<link rel=\"canonical\" href=\"https:\/\/www.taalhammer.com\/pl\/crocifissa-i-pasquale-najdziwniejsze-wloskie-imiona-z-tlumaczeniem-top-26-wedlug-taalhammera\/\" \/>\n<meta property=\"og:locale\" content=\"pl_PL\" \/>\n<meta property=\"og:type\" content=\"article\" \/>\n<meta property=\"og:title\" content=\"Crocifissa i Pasquale. Najdziwniejsze w\u0142oskie imiona z t\u0142umaczeniem \u2013 TOP 26 wed\u0142ug Taalhammera\" \/>\n<meta property=\"og:description\" content=\"Najdziwniejsze w\u0142oskie imiona, kt\u00f3re naprawd\u0119 istniej\u0105. Zobacz ich znaczenie po polsku i dowiedz si\u0119, sk\u0105d si\u0119 wzi\u0119\u0142y razem z Taalhammerem.\" \/>\n<meta property=\"og:url\" content=\"https:\/\/www.taalhammer.com\/pl\/crocifissa-i-pasquale-najdziwniejsze-wloskie-imiona-z-tlumaczeniem-top-26-wedlug-taalhammera\/\" \/>\n<meta property=\"og:site_name\" content=\"Taalhammer\" \/>\n<meta property=\"article:publisher\" content=\"https:\/\/www.facebook.com\/taalhammer\" \/>\n<meta property=\"article:published_time\" content=\"2025-06-13T20:18:24+00:00\" \/>\n<meta property=\"article:modified_time\" content=\"2025-06-28T12:18:49+00:00\" \/>\n<meta property=\"og:image\" content=\"https:\/\/www.taalhammer.com\/wp-content\/uploads\/2025\/06\/ChatGPT-Image-13-cze-2025-22_17_20-1024x683.png\" \/>\n\t<meta property=\"og:image:width\" content=\"1024\" \/>\n\t<meta property=\"og:image:height\" content=\"683\" \/>\n\t<meta property=\"og:image:type\" content=\"image\/png\" \/>\n<meta name=\"author\" content=\"Anna Kaczmarczyk\" \/>\n<meta name=\"twitter:card\" content=\"summary_large_image\" \/>\n<meta name=\"twitter:creator\" content=\"@taalhammer\" \/>\n<meta name=\"twitter:site\" content=\"@taalhammer\" \/>\n<meta name=\"twitter:label1\" content=\"Napisane przez\" \/>\n\t<meta name=\"twitter:data1\" content=\"Anna Kaczmarczyk\" \/>\n\t<meta name=\"twitter:label2\" content=\"Szacowany czas czytania\" \/>\n\t<meta name=\"twitter:data2\" content=\"11 minut\" \/>\n<script type=\"application\/ld+json\" class=\"yoast-schema-graph\">{\"@context\":\"https:\/\/schema.org\",\"@graph\":[{\"@type\":\"Article\",\"@id\":\"https:\/\/www.taalhammer.com\/pl\/crocifissa-i-pasquale-najdziwniejsze-wloskie-imiona-z-tlumaczeniem-top-26-wedlug-taalhammera\/#article\",\"isPartOf\":{\"@id\":\"https:\/\/www.taalhammer.com\/pl\/crocifissa-i-pasquale-najdziwniejsze-wloskie-imiona-z-tlumaczeniem-top-26-wedlug-taalhammera\/\"},\"author\":{\"name\":\"Anna Kaczmarczyk\",\"@id\":\"https:\/\/www.taalhammer.com\/pl\/#\/schema\/person\/303e9f86709b10e796eb6b900575efc2\"},\"headline\":\"Crocifissa i Pasquale. Najdziwniejsze w\u0142oskie imiona z t\u0142umaczeniem \u2013 TOP 26 wed\u0142ug Taalhammera\",\"datePublished\":\"2025-06-13T20:18:24+00:00\",\"dateModified\":\"2025-06-28T12:18:49+00:00\",\"mainEntityOfPage\":{\"@id\":\"https:\/\/www.taalhammer.com\/pl\/crocifissa-i-pasquale-najdziwniejsze-wloskie-imiona-z-tlumaczeniem-top-26-wedlug-taalhammera\/\"},\"wordCount\":2988,\"commentCount\":0,\"publisher\":{\"@id\":\"https:\/\/www.taalhammer.com\/pl\/#organization\"},\"image\":{\"@id\":\"https:\/\/www.taalhammer.com\/pl\/crocifissa-i-pasquale-najdziwniejsze-wloskie-imiona-z-tlumaczeniem-top-26-wedlug-taalhammera\/#primaryimage\"},\"thumbnailUrl\":\"https:\/\/www.taalhammer.com\/wp-content\/uploads\/2025\/06\/ChatGPT-Image-13-cze-2025-22_17_20.png\",\"articleSection\":[\"Nauka w\u0142oskiego\"],\"inLanguage\":\"pl-PL\",\"potentialAction\":[{\"@type\":\"CommentAction\",\"name\":\"Comment\",\"target\":[\"https:\/\/www.taalhammer.com\/pl\/crocifissa-i-pasquale-najdziwniejsze-wloskie-imiona-z-tlumaczeniem-top-26-wedlug-taalhammera\/#respond\"]}]},{\"@type\":\"WebPage\",\"@id\":\"https:\/\/www.taalhammer.com\/pl\/crocifissa-i-pasquale-najdziwniejsze-wloskie-imiona-z-tlumaczeniem-top-26-wedlug-taalhammera\/\",\"url\":\"https:\/\/www.taalhammer.com\/pl\/crocifissa-i-pasquale-najdziwniejsze-wloskie-imiona-z-tlumaczeniem-top-26-wedlug-taalhammera\/\",\"name\":\"Najdziwniejsze w\u0142oskie imiona \u2013 TOP 26 | Taalhammer\",\"isPartOf\":{\"@id\":\"https:\/\/www.taalhammer.com\/pl\/#website\"},\"primaryImageOfPage\":{\"@id\":\"https:\/\/www.taalhammer.com\/pl\/crocifissa-i-pasquale-najdziwniejsze-wloskie-imiona-z-tlumaczeniem-top-26-wedlug-taalhammera\/#primaryimage\"},\"image\":{\"@id\":\"https:\/\/www.taalhammer.com\/pl\/crocifissa-i-pasquale-najdziwniejsze-wloskie-imiona-z-tlumaczeniem-top-26-wedlug-taalhammera\/#primaryimage\"},\"thumbnailUrl\":\"https:\/\/www.taalhammer.com\/wp-content\/uploads\/2025\/06\/ChatGPT-Image-13-cze-2025-22_17_20.png\",\"datePublished\":\"2025-06-13T20:18:24+00:00\",\"dateModified\":\"2025-06-28T12:18:49+00:00\",\"description\":\"Najdziwniejsze w\u0142oskie imiona, kt\u00f3re naprawd\u0119 istniej\u0105. Zobacz ich znaczenie po polsku i dowiedz si\u0119, sk\u0105d si\u0119 wzi\u0119\u0142y razem z Taalhammerem.\",\"breadcrumb\":{\"@id\":\"https:\/\/www.taalhammer.com\/pl\/crocifissa-i-pasquale-najdziwniejsze-wloskie-imiona-z-tlumaczeniem-top-26-wedlug-taalhammera\/#breadcrumb\"},\"inLanguage\":\"pl-PL\",\"potentialAction\":[{\"@type\":\"ReadAction\",\"target\":[\"https:\/\/www.taalhammer.com\/pl\/crocifissa-i-pasquale-najdziwniejsze-wloskie-imiona-z-tlumaczeniem-top-26-wedlug-taalhammera\/\"]}]},{\"@type\":\"ImageObject\",\"inLanguage\":\"pl-PL\",\"@id\":\"https:\/\/www.taalhammer.com\/pl\/crocifissa-i-pasquale-najdziwniejsze-wloskie-imiona-z-tlumaczeniem-top-26-wedlug-taalhammera\/#primaryimage\",\"url\":\"https:\/\/www.taalhammer.com\/wp-content\/uploads\/2025\/06\/ChatGPT-Image-13-cze-2025-22_17_20.png\",\"contentUrl\":\"https:\/\/www.taalhammer.com\/wp-content\/uploads\/2025\/06\/ChatGPT-Image-13-cze-2025-22_17_20.png\",\"width\":1536,\"height\":1024,\"caption\":\"Czarno-bia\u0142e zdj\u0119cie oddzia\u0142u noworodkowego we w\u0142oskim szpitalu. W szeregu ustawione s\u0105 \u0142\u00f3\u017ceczka z niemowl\u0119tami, a przy ka\u017cdym z nich widoczna jest karteczka z nietypowym imieniem, np. \u201eCrocifissa\u201d, \u201ePasquale\u201d czy \u201eFortunato\u201d.\"},{\"@type\":\"BreadcrumbList\",\"@id\":\"https:\/\/www.taalhammer.com\/pl\/crocifissa-i-pasquale-najdziwniejsze-wloskie-imiona-z-tlumaczeniem-top-26-wedlug-taalhammera\/#breadcrumb\",\"itemListElement\":[{\"@type\":\"ListItem\",\"position\":1,\"name\":\"Home\",\"item\":\"https:\/\/www.taalhammer.com\/pl\/\"},{\"@type\":\"ListItem\",\"position\":2,\"name\":\"Crocifissa i Pasquale. Najdziwniejsze w\u0142oskie imiona z t\u0142umaczeniem \u2013 TOP 26 wed\u0142ug Taalhammera\"}]},{\"@type\":\"WebSite\",\"@id\":\"https:\/\/www.taalhammer.com\/pl\/#website\",\"url\":\"https:\/\/www.taalhammer.com\/pl\/\",\"name\":\"Taalhammer\",\"description\":\"Stop mumbling, start to speak\",\"publisher\":{\"@id\":\"https:\/\/www.taalhammer.com\/pl\/#organization\"},\"potentialAction\":[{\"@type\":\"SearchAction\",\"target\":{\"@type\":\"EntryPoint\",\"urlTemplate\":\"https:\/\/www.taalhammer.com\/pl\/?s={search_term_string}\"},\"query-input\":{\"@type\":\"PropertyValueSpecification\",\"valueRequired\":true,\"valueName\":\"search_term_string\"}}],\"inLanguage\":\"pl-PL\"},{\"@type\":\"Organization\",\"@id\":\"https:\/\/www.taalhammer.com\/pl\/#organization\",\"name\":\"Taalhammer\",\"url\":\"https:\/\/www.taalhammer.com\/pl\/\",\"logo\":{\"@type\":\"ImageObject\",\"inLanguage\":\"pl-PL\",\"@id\":\"https:\/\/www.taalhammer.com\/pl\/#\/schema\/logo\/image\/\",\"url\":\"https:\/\/www.taalhammer.com\/wp-content\/uploads\/2019\/06\/Taalhammer_B_W_cut_negative.png\",\"contentUrl\":\"https:\/\/www.taalhammer.com\/wp-content\/uploads\/2019\/06\/Taalhammer_B_W_cut_negative.png\",\"width\":290,\"height\":256,\"caption\":\"Taalhammer\"},\"image\":{\"@id\":\"https:\/\/www.taalhammer.com\/pl\/#\/schema\/logo\/image\/\"},\"sameAs\":[\"https:\/\/www.facebook.com\/taalhammer\",\"https:\/\/x.com\/taalhammer\",\"https:\/\/www.instagram.com\/taalhammer_pl\/\"]},{\"@type\":\"Person\",\"@id\":\"https:\/\/www.taalhammer.com\/pl\/#\/schema\/person\/303e9f86709b10e796eb6b900575efc2\",\"name\":\"Anna Kaczmarczyk\",\"image\":{\"@type\":\"ImageObject\",\"inLanguage\":\"pl-PL\",\"@id\":\"https:\/\/www.taalhammer.com\/pl\/#\/schema\/person\/image\/\",\"url\":\"https:\/\/secure.gravatar.com\/avatar\/517f098537977ab71c1b4636ae902d9bcf996bd7ec0c878cf3007529f3f7a1f4?s=96&d=mm&r=g\",\"contentUrl\":\"https:\/\/secure.gravatar.com\/avatar\/517f098537977ab71c1b4636ae902d9bcf996bd7ec0c878cf3007529f3f7a1f4?s=96&d=mm&r=g\",\"caption\":\"Anna Kaczmarczyk\"},\"description\":\"Ania to lingwistka, t\u0142umaczka i korepetytorka. Poza angielskim zna j\u0119zyk w\u0142oski i francuski. Ze wszystkich aspekt\u00f3w j\u0119zyka, najbardziej lubi analizowa\u0107 zawi\u0142o\u015bci gramatyczne.\",\"url\":\"https:\/\/www.taalhammer.com\/pl\/author\/ankaczmarczyk12\/\"}]}<\/script>\n<!-- \/ Yoast SEO Premium plugin. -->","yoast_head_json":{"title":"Najdziwniejsze w\u0142oskie imiona \u2013 TOP 26 | Taalhammer","description":"Najdziwniejsze w\u0142oskie imiona, kt\u00f3re naprawd\u0119 istniej\u0105. Zobacz ich znaczenie po polsku i dowiedz si\u0119, sk\u0105d si\u0119 wzi\u0119\u0142y razem z Taalhammerem.","robots":{"index":"index","follow":"follow","max-snippet":"max-snippet:-1","max-image-preview":"max-image-preview:large","max-video-preview":"max-video-preview:-1"},"canonical":"https:\/\/www.taalhammer.com\/pl\/crocifissa-i-pasquale-najdziwniejsze-wloskie-imiona-z-tlumaczeniem-top-26-wedlug-taalhammera\/","og_locale":"pl_PL","og_type":"article","og_title":"Crocifissa i Pasquale. Najdziwniejsze w\u0142oskie imiona z t\u0142umaczeniem \u2013 TOP 26 wed\u0142ug Taalhammera","og_description":"Najdziwniejsze w\u0142oskie imiona, kt\u00f3re naprawd\u0119 istniej\u0105. Zobacz ich znaczenie po polsku i dowiedz si\u0119, sk\u0105d si\u0119 wzi\u0119\u0142y razem z Taalhammerem.","og_url":"https:\/\/www.taalhammer.com\/pl\/crocifissa-i-pasquale-najdziwniejsze-wloskie-imiona-z-tlumaczeniem-top-26-wedlug-taalhammera\/","og_site_name":"Taalhammer","article_publisher":"https:\/\/www.facebook.com\/taalhammer","article_published_time":"2025-06-13T20:18:24+00:00","article_modified_time":"2025-06-28T12:18:49+00:00","og_image":[{"width":1024,"height":683,"url":"https:\/\/www.taalhammer.com\/wp-content\/uploads\/2025\/06\/ChatGPT-Image-13-cze-2025-22_17_20-1024x683.png","type":"image\/png"}],"author":"Anna Kaczmarczyk","twitter_card":"summary_large_image","twitter_creator":"@taalhammer","twitter_site":"@taalhammer","twitter_misc":{"Napisane przez":"Anna Kaczmarczyk","Szacowany czas czytania":"11 minut"},"schema":{"@context":"https:\/\/schema.org","@graph":[{"@type":"Article","@id":"https:\/\/www.taalhammer.com\/pl\/crocifissa-i-pasquale-najdziwniejsze-wloskie-imiona-z-tlumaczeniem-top-26-wedlug-taalhammera\/#article","isPartOf":{"@id":"https:\/\/www.taalhammer.com\/pl\/crocifissa-i-pasquale-najdziwniejsze-wloskie-imiona-z-tlumaczeniem-top-26-wedlug-taalhammera\/"},"author":{"name":"Anna Kaczmarczyk","@id":"https:\/\/www.taalhammer.com\/pl\/#\/schema\/person\/303e9f86709b10e796eb6b900575efc2"},"headline":"Crocifissa i Pasquale. Najdziwniejsze w\u0142oskie imiona z t\u0142umaczeniem \u2013 TOP 26 wed\u0142ug Taalhammera","datePublished":"2025-06-13T20:18:24+00:00","dateModified":"2025-06-28T12:18:49+00:00","mainEntityOfPage":{"@id":"https:\/\/www.taalhammer.com\/pl\/crocifissa-i-pasquale-najdziwniejsze-wloskie-imiona-z-tlumaczeniem-top-26-wedlug-taalhammera\/"},"wordCount":2988,"commentCount":0,"publisher":{"@id":"https:\/\/www.taalhammer.com\/pl\/#organization"},"image":{"@id":"https:\/\/www.taalhammer.com\/pl\/crocifissa-i-pasquale-najdziwniejsze-wloskie-imiona-z-tlumaczeniem-top-26-wedlug-taalhammera\/#primaryimage"},"thumbnailUrl":"https:\/\/www.taalhammer.com\/wp-content\/uploads\/2025\/06\/ChatGPT-Image-13-cze-2025-22_17_20.png","articleSection":["Nauka w\u0142oskiego"],"inLanguage":"pl-PL","potentialAction":[{"@type":"CommentAction","name":"Comment","target":["https:\/\/www.taalhammer.com\/pl\/crocifissa-i-pasquale-najdziwniejsze-wloskie-imiona-z-tlumaczeniem-top-26-wedlug-taalhammera\/#respond"]}]},{"@type":"WebPage","@id":"https:\/\/www.taalhammer.com\/pl\/crocifissa-i-pasquale-najdziwniejsze-wloskie-imiona-z-tlumaczeniem-top-26-wedlug-taalhammera\/","url":"https:\/\/www.taalhammer.com\/pl\/crocifissa-i-pasquale-najdziwniejsze-wloskie-imiona-z-tlumaczeniem-top-26-wedlug-taalhammera\/","name":"Najdziwniejsze w\u0142oskie imiona \u2013 TOP 26 | Taalhammer","isPartOf":{"@id":"https:\/\/www.taalhammer.com\/pl\/#website"},"primaryImageOfPage":{"@id":"https:\/\/www.taalhammer.com\/pl\/crocifissa-i-pasquale-najdziwniejsze-wloskie-imiona-z-tlumaczeniem-top-26-wedlug-taalhammera\/#primaryimage"},"image":{"@id":"https:\/\/www.taalhammer.com\/pl\/crocifissa-i-pasquale-najdziwniejsze-wloskie-imiona-z-tlumaczeniem-top-26-wedlug-taalhammera\/#primaryimage"},"thumbnailUrl":"https:\/\/www.taalhammer.com\/wp-content\/uploads\/2025\/06\/ChatGPT-Image-13-cze-2025-22_17_20.png","datePublished":"2025-06-13T20:18:24+00:00","dateModified":"2025-06-28T12:18:49+00:00","description":"Najdziwniejsze w\u0142oskie imiona, kt\u00f3re naprawd\u0119 istniej\u0105. Zobacz ich znaczenie po polsku i dowiedz si\u0119, sk\u0105d si\u0119 wzi\u0119\u0142y razem z Taalhammerem.","breadcrumb":{"@id":"https:\/\/www.taalhammer.com\/pl\/crocifissa-i-pasquale-najdziwniejsze-wloskie-imiona-z-tlumaczeniem-top-26-wedlug-taalhammera\/#breadcrumb"},"inLanguage":"pl-PL","potentialAction":[{"@type":"ReadAction","target":["https:\/\/www.taalhammer.com\/pl\/crocifissa-i-pasquale-najdziwniejsze-wloskie-imiona-z-tlumaczeniem-top-26-wedlug-taalhammera\/"]}]},{"@type":"ImageObject","inLanguage":"pl-PL","@id":"https:\/\/www.taalhammer.com\/pl\/crocifissa-i-pasquale-najdziwniejsze-wloskie-imiona-z-tlumaczeniem-top-26-wedlug-taalhammera\/#primaryimage","url":"https:\/\/www.taalhammer.com\/wp-content\/uploads\/2025\/06\/ChatGPT-Image-13-cze-2025-22_17_20.png","contentUrl":"https:\/\/www.taalhammer.com\/wp-content\/uploads\/2025\/06\/ChatGPT-Image-13-cze-2025-22_17_20.png","width":1536,"height":1024,"caption":"Czarno-bia\u0142e zdj\u0119cie oddzia\u0142u noworodkowego we w\u0142oskim szpitalu. W szeregu ustawione s\u0105 \u0142\u00f3\u017ceczka z niemowl\u0119tami, a przy ka\u017cdym z nich widoczna jest karteczka z nietypowym imieniem, np. \u201eCrocifissa\u201d, \u201ePasquale\u201d czy \u201eFortunato\u201d."},{"@type":"BreadcrumbList","@id":"https:\/\/www.taalhammer.com\/pl\/crocifissa-i-pasquale-najdziwniejsze-wloskie-imiona-z-tlumaczeniem-top-26-wedlug-taalhammera\/#breadcrumb","itemListElement":[{"@type":"ListItem","position":1,"name":"Home","item":"https:\/\/www.taalhammer.com\/pl\/"},{"@type":"ListItem","position":2,"name":"Crocifissa i Pasquale. Najdziwniejsze w\u0142oskie imiona z t\u0142umaczeniem \u2013 TOP 26 wed\u0142ug Taalhammera"}]},{"@type":"WebSite","@id":"https:\/\/www.taalhammer.com\/pl\/#website","url":"https:\/\/www.taalhammer.com\/pl\/","name":"Taalhammer","description":"Stop mumbling, start to speak","publisher":{"@id":"https:\/\/www.taalhammer.com\/pl\/#organization"},"potentialAction":[{"@type":"SearchAction","target":{"@type":"EntryPoint","urlTemplate":"https:\/\/www.taalhammer.com\/pl\/?s={search_term_string}"},"query-input":{"@type":"PropertyValueSpecification","valueRequired":true,"valueName":"search_term_string"}}],"inLanguage":"pl-PL"},{"@type":"Organization","@id":"https:\/\/www.taalhammer.com\/pl\/#organization","name":"Taalhammer","url":"https:\/\/www.taalhammer.com\/pl\/","logo":{"@type":"ImageObject","inLanguage":"pl-PL","@id":"https:\/\/www.taalhammer.com\/pl\/#\/schema\/logo\/image\/","url":"https:\/\/www.taalhammer.com\/wp-content\/uploads\/2019\/06\/Taalhammer_B_W_cut_negative.png","contentUrl":"https:\/\/www.taalhammer.com\/wp-content\/uploads\/2019\/06\/Taalhammer_B_W_cut_negative.png","width":290,"height":256,"caption":"Taalhammer"},"image":{"@id":"https:\/\/www.taalhammer.com\/pl\/#\/schema\/logo\/image\/"},"sameAs":["https:\/\/www.facebook.com\/taalhammer","https:\/\/x.com\/taalhammer","https:\/\/www.instagram.com\/taalhammer_pl\/"]},{"@type":"Person","@id":"https:\/\/www.taalhammer.com\/pl\/#\/schema\/person\/303e9f86709b10e796eb6b900575efc2","name":"Anna Kaczmarczyk","image":{"@type":"ImageObject","inLanguage":"pl-PL","@id":"https:\/\/www.taalhammer.com\/pl\/#\/schema\/person\/image\/","url":"https:\/\/secure.gravatar.com\/avatar\/517f098537977ab71c1b4636ae902d9bcf996bd7ec0c878cf3007529f3f7a1f4?s=96&d=mm&r=g","contentUrl":"https:\/\/secure.gravatar.com\/avatar\/517f098537977ab71c1b4636ae902d9bcf996bd7ec0c878cf3007529f3f7a1f4?s=96&d=mm&r=g","caption":"Anna Kaczmarczyk"},"description":"Ania to lingwistka, t\u0142umaczka i korepetytorka. Poza angielskim zna j\u0119zyk w\u0142oski i francuski. Ze wszystkich aspekt\u00f3w j\u0119zyka, najbardziej lubi analizowa\u0107 zawi\u0142o\u015bci gramatyczne.","url":"https:\/\/www.taalhammer.com\/pl\/author\/ankaczmarczyk12\/"}]}},"_links":{"self":[{"href":"https:\/\/www.taalhammer.com\/pl\/wp-json\/wp\/v2\/posts\/14504","targetHints":{"allow":["GET"]}}],"collection":[{"href":"https:\/\/www.taalhammer.com\/pl\/wp-json\/wp\/v2\/posts"}],"about":[{"href":"https:\/\/www.taalhammer.com\/pl\/wp-json\/wp\/v2\/types\/post"}],"author":[{"embeddable":true,"href":"https:\/\/www.taalhammer.com\/pl\/wp-json\/wp\/v2\/users\/636"}],"replies":[{"embeddable":true,"href":"https:\/\/www.taalhammer.com\/pl\/wp-json\/wp\/v2\/comments?post=14504"}],"version-history":[{"count":3,"href":"https:\/\/www.taalhammer.com\/pl\/wp-json\/wp\/v2\/posts\/14504\/revisions"}],"predecessor-version":[{"id":14573,"href":"https:\/\/www.taalhammer.com\/pl\/wp-json\/wp\/v2\/posts\/14504\/revisions\/14573"}],"wp:featuredmedia":[{"embeddable":true,"href":"https:\/\/www.taalhammer.com\/pl\/wp-json\/wp\/v2\/media\/14506"}],"wp:attachment":[{"href":"https:\/\/www.taalhammer.com\/pl\/wp-json\/wp\/v2\/media?parent=14504"}],"wp:term":[{"taxonomy":"category","embeddable":true,"href":"https:\/\/www.taalhammer.com\/pl\/wp-json\/wp\/v2\/categories?post=14504"},{"taxonomy":"post_tag","embeddable":true,"href":"https:\/\/www.taalhammer.com\/pl\/wp-json\/wp\/v2\/tags?post=14504"}],"curies":[{"name":"wp","href":"https:\/\/api.w.org\/{rel}","templated":true}]}}