{"id":11763,"date":"2024-05-06T10:16:38","date_gmt":"2024-05-06T10:16:38","guid":{"rendered":"https:\/\/www.taalhammer.com\/?p=11763"},"modified":"2025-03-25T21:54:49","modified_gmt":"2025-03-25T21:54:49","slug":"jak-stworzyc-konjunktiv-i-w-jezyku-niemieckim","status":"publish","type":"post","link":"https:\/\/www.taalhammer.com\/pl\/jak-stworzyc-konjunktiv-i-w-jezyku-niemieckim\/","title":{"rendered":"Jak stworzy\u0107 Konjunktiv I w j\u0119zyku niemieckim"},"content":{"rendered":"\n<p>Konjunktiv I u\u017cywamy do mowy zale\u017cnej, aby zdystansowa\u0107 si\u0119 od wypowiedzi innej osoby i podkre\u015bli\u0107, \u017ce jedynie przekazujemy jej s\u0142owa, a nie nasze w\u0142asne zdanie. Konjunktiv I jest g\u0142\u00f3wnie wykorzystywany w mowie urz\u0119dowej. Natrafisz na niego podczas ogl\u0105dania telewizji, s\u0142uchania radia lub czytania gazet. W codziennych rozmowach jest stosowany do\u015b\u0107 rzadko.<\/p>\n\n\n<style>\n\t#banner-section-1-at-block_900ab4d5d0b8a40d9ae0515a95ccaf8d.banner-at--bg{\n\t\t\tbackground-image: url('https:\/\/www.taalhammer.com\/wp-content\/themes\/taalhammer-theme\/assets\/images\/png\/banner-bg1.png');\n\t\t\tbackground-color: #ffffff;\n\t\t\tborder: 0px solid #FFD600;\n\t}\n\t@media only screen and (max-width: 550px) {\n\t\t#banner-section-1-at-block_900ab4d5d0b8a40d9ae0515a95ccaf8d.banner-at--bg {\n\t\t\tbackground-image: url('https:\/\/www.taalhammer.com\/wp-content\/themes\/taalhammer-theme\/assets\/images\/png\/banner-bg1-mob.png');\n\t\t\tborder: none;\n\t\t}\n\t}\n\t@media only screen and (max-width: 916px) {\n\t\tmain #banner-section-1-at-block_900ab4d5d0b8a40d9ae0515a95ccaf8d.banner-at--bg {\n\t\t\tbackground-image: url('https:\/\/www.taalhammer.com\/wp-content\/themes\/taalhammer-theme\/assets\/images\/png\/banner-bg1-mob.png');\n\t\t\tborder: none;\n\t\t}\n\t}\n\t#banner-section-1-at-block_900ab4d5d0b8a40d9ae0515a95ccaf8d .banner-at__subtitle {\n\t\tcolor: #262626;\n\t}\n\t#banner-section-1-at-block_900ab4d5d0b8a40d9ae0515a95ccaf8d .banner-at__subtitle--border {\n\t\tcolor: #262626;\n\t\tborder: 1px solid #262626;\n\t}\n\t#banner-section-1-at-block_900ab4d5d0b8a40d9ae0515a95ccaf8d .banner-at__title {\n\t\tcolor: #161616;\n\t}\n\t#banner-section-1-at-block_900ab4d5d0b8a40d9ae0515a95ccaf8d .banner-at__content .content-at__text{\n\t\tcolor: #161616;\n\t}\n\t#banner-section-1-at-block_900ab4d5d0b8a40d9ae0515a95ccaf8d .banner-at__btn .btn-at {\n\t\tbackground: #ffd600;\n\t\tcolor: #161616;\n\t\tborder: 1px solid rgba(255, 214, 0, 1);\n\t\tbox-shadow: none;\n\t}\n\t#banner-section-1-at-block_900ab4d5d0b8a40d9ae0515a95ccaf8d .banner-at__btn .btn-at:hover {\n\t\tbackground: inherit;\n\t\tcolor: #ffd600;\n\t\tborder: 1px solid rgba(255, 214, 0, 1);\n\t}\n<\/style>\n<div class=\"banner-at at-ff banner-at--bg\" id=\"banner-section-1-at-block_900ab4d5d0b8a40d9ae0515a95ccaf8d\">\n\t<div class=\"banner-at__wrap banner-at__wrap--center\">\n\t\t\t\t<div class=\"banner-at__right\">\n\t\t\t\t\t\t\t\t\t\t\t\t\t\t<div class=\"banner-at__subtitle banner-at__subtitle--border\">Nauka j\u0119zyka kt\u00f3ra dzia\u0142a<\/div>\n\t\t\t\t\t\t\t\t\t\t\t\t\t\t\t\t\t\t<div class=\"banner-at__title\">Ucz si\u0119 j\u0119zyka niemieckiego z aplikacj\u0105 Taalhammer<\/div>\n\t\t\t\t\t\t\t\t<div class=\"banner-at__content content-at\">\n\t\t\t\t\t\t\t\t\t\t\t\t<div class=\"content-at__text\">Powtarzaj z inteligentnym systemem powt\u00f3rek i zapomnij o zapominaniu.<\/div>\n\t\t\t\t\t\t\t\t\t\t<\/div>\n\t\t\t\t\t\t\t\t\t\t\t\t<div class=\"banner-at__btn\">\n\t\t\t\t\t\t<a class=\"btn-at\" rel=\"nofollow\" href=\"https:\/\/www.taalhammer.com\/pl\/\" cta-type=\"cta-banner-pl-repetition\" data-cta-track=\"true\" data-cta-position=\"start-text\">Chc\u0119 zacz\u0105\u0107 nauk\u0119 teraz<\/a>\n\t\t\t\t\t<\/div>\n\t\t\t\t\t\t\t\t\t<\/div>\n\t<\/div>\n<\/div>\n\n\n\n<div class=\"wp-block-ht-block-toc  is-style-outline htoc htoc--position-wide toc-list-style-plain\" data-htoc-state=\"expanded\"><span class=\"htoc__title\"><span class=\"ht_toc_title\">Spis tre\u015bci<\/span><span class=\"htoc__toggle\"><svg xmlns=\"http:\/\/www.w3.org\/2000\/svg\" width=\"16\" height=\"16\"><g fill=\"#444\"><path d=\"M15 7H1c-.6 0-1 .4-1 1s.4 1 1 1h14c.6 0 1-.4 1-1s-.4-1-1-1z\"><\/path><path d=\"M15 1H1c-.6 0-1 .4-1 1s.4 1 1 1h14c.6 0 1-.4 1-1s-.4-1-1-1zM15 13H1c-.6 0-1 .4-1 1s.4 1 1 1h14c.6 0 1-.4 1-1s-.4-1-1-1z\"><\/path><\/g><\/svg><\/span><\/span><div class=\"htoc__itemswrap\"><ul class=\"ht_toc_list\"><li class=\"\"><a href=\"#h-jak-stworzyc-konjunktiv-i-w-czasie-terazniejszym\">Jak stworzy\u0107 Konjunktiv I w czasie tera\u017aniejszym<\/a><\/li><li class=\"\"><a href=\"#h-przykladowe-zdania-w-konjunktiv-i\">Przyk\u0142adowe zdania w Konjunktiv I<\/a><\/li><li class=\"\"><a href=\"#htoc-konjunktiv-i-w-j-zyku-niemieckim-czas-przesz-y\">Jak stworzy\u0107 Konjunktiv I w czasie przesz\u0142ym<\/a><\/li><\/ul><\/div><\/div>\n\n\n\n<h2 class=\"wp-block-heading\" id=\"h-jak-stworzyc-konjunktiv-i-w-czasie-terazniejszym\"><strong><strong>Jak stworzy\u0107 Konjunktiv I w czasie <strong>tera\u017aniejszym<\/strong><\/strong><\/strong><\/h2>\n\n\n\n<p>Aby utworzy\u0107 form\u0119 Konjunktiv I czasownika, usu\u0144 ko\u0144c\u00f3wk\u0119 \u201e-en\u201d od jego formy w bezokoliczniku. W ten spos\u00f3b pozostanie ci sam temat czasownika, czyli jego najwa\u017cniejsza cz\u0119\u015b\u0107. Nast\u0119pnie dodaj ko\u0144c\u00f3wk\u0119 &#8220;-e&#8221;, a po niej odpowiedni\u0105 ko\u0144c\u00f3wk\u0119 osobow\u0105, podobnie jak przy odmianie w czasie tera\u017aniejszym Pr\u00e4sens. Wyj\u0105tkiem jest trzecia osoba liczby pojedynczej &#8211; <strong>er<\/strong>\/<strong>sie<\/strong>\/<strong>es<\/strong>, gdzie ko\u0144c\u00f3wka jest taka sama jak dla pierwszej osoby liczby pojedynczej &#8211; <strong>ich<\/strong>. To w\u0142a\u015bnie tej osoby (er\/sie\/es) u\u017cywamy najcz\u0119\u015bciej w Konjunktiv I.<\/p>\n\n\n\n<p>Zobacz to na przyk\u0142adzie czasownik\u00f3w <strong>haben<\/strong>, <strong>sein <\/strong>i<strong> sprechen<\/strong>:<\/p>\n\n\n\n<ul class=\"wp-block-list\">\n<li>Od czasownika w bezokoliczniku usuwasz ko\u0144c\u00f3wk\u0119 &#8220;-en&#8221;: hab<s>en<\/s>, sei<s>n<\/s>, sprech<s>en<\/s>.&nbsp;<\/li>\n\n\n\n<li>Nast\u0119pnie dodajesz ko\u0144c\u00f3wk\u0119 &#8220;-e&#8221;.&nbsp;<\/li>\n<\/ul>\n\n\n\n<p>W ten spos\u00f3b otrzyma\u0142e\u015b form\u0119 Konjunktiv I, czyli <strong>habe<\/strong>, <strong>sei <\/strong>i <strong>spreche<\/strong>. Teraz pozostaje tylko doda\u0107 odpowiedni\u0105 ko\u0144c\u00f3wk\u0119 osobow\u0105. Sp\u00f3jrz na poni\u017csz\u0105 tabelk\u0119:<\/p>\n\n\n\n<figure class=\"wp-block-table\"><table><thead><tr><th><\/th><th>sein*<\/th><th>haben<\/th><th>sprechen<\/th><\/tr><\/thead><tbody><tr><td>ich<\/td><td>sei<\/td><td>habe<\/td><td>spreche<\/td><\/tr><tr><td>du<\/td><td>sei(e)st<\/td><td>habest<\/td><td>sprechest<\/td><\/tr><tr><td>er\/sie\/es<\/td><td><strong>sei<\/strong><\/td><td><strong>habe<\/strong><\/td><td><strong>spreche<\/strong><\/td><\/tr><tr><td>wir<\/td><td>seien<\/td><td>haben<\/td><td>sprechen<\/td><\/tr><tr><td>ihr<\/td><td>seiet<\/td><td>habet<\/td><td>sprechet<\/td><\/tr><tr><td>Sie\/sie<\/td><td>seien<\/td><td>haben<\/td><td>sprechen<\/td><\/tr><\/tbody><\/table><\/figure>\n\n\n\n<p>*Odmiana czasownika <strong>sei <\/strong>jest nieregularna.<\/p>\n\n\n\n<h2 class=\"wp-block-heading\" id=\"h-przykladowe-zdania-w-konjunktiv-i\"><strong>Przyk\u0142adowe zdania w Konjunktiv I<\/strong><\/h2>\n\n\n\n<p>Tworz\u0105c zdania w Konjunktiv I pami\u0119taj o zmianie zaimk\u00f3w osobowych i <a href=\"https:\/\/www.taalhammer.com\/pl\/zaimki-dzierzawcze-w-jezyku-niemieckim\/\" target=\"_blank\" rel=\"noreferrer noopener\">zaimk\u00f3w dzier\u017cawczych<\/a>.&nbsp;<\/p>\n\n\n\n<p>Na przyk\u0142ad wyobra\u017a sobie, \u017ce twoja kole\u017canka Marta m\u00f3wi ci: <strong>Meine Schwester ist schwanger. <\/strong>(Moja siostra jest w ci\u0105\u017cy.) Je\u015bli chcesz przekaza\u0107 t\u0105 informacj\u0119 w mowie zale\u017cnej, dalej zamie\u0144 <strong>meine <\/strong>(moja) na <strong>ihre <\/strong>(jej): <strong>Marta sagte, dass ihre Schwester schwanger sei.<\/strong> (Marta powiedzia\u0142a, \u017ce jej siostra jest w ci\u0105\u017cy.)&nbsp;<\/p>\n\n\n\n<p>Konjunktiv I u\u017cywamy przekazywania s\u0142\u00f3w innych ludzi, wi\u0119c zdania z t\u0105 konstrukcj\u0105 najcz\u0119\u015bciej rozpoczniemy zwrotami takimi jak: <strong>sie sagte&#8230; <\/strong>(ona powiedzia\u0142a), <strong>er behauptet&#8230;<\/strong> (on twierdzi), er <strong>fragte<\/strong> (on zapyta\u0142). Popatrz na wi\u0119cej przyk\u0142adowych zda\u0144:<strong>&nbsp;<\/strong><\/p>\n\n\n\n<figure class=\"wp-block-table\"><table class=\"has-fixed-layout\"><thead><tr><th>Mowa niezale\u017cna<\/th><th>Mowa zale\u017cna<\/th><\/tr><\/thead><tbody><tr><td>Er sagt: \u201e<strong>Ich <\/strong>gehe zur Schule.&#8221;<\/td><td>Er sagt, <strong>er <\/strong>gehe zur Schule .&nbsp;<\/td><\/tr><tr><td>Sie behauptet: &#8220;<strong>Ich <\/strong>habe keine Zeit&#8221;.<\/td><td>Sie behauptet, <strong>sie <\/strong>habe keine Zeit.&nbsp;<\/td><\/tr><tr><td>Judith sagt: &#8220;<strong>Ich <\/strong>bin zu Hause.&#8221;<\/td><td>Judith sagt, <strong>sie <\/strong>sei zu Hause.<\/td><\/tr><tr><td><strong>Seine <\/strong>Mutter sagte: \u201e<strong>Er <\/strong>hilft gerne im Garten.\u201c&nbsp;<\/td><td><strong>Deine <\/strong>Mutter sagte, dass <strong>du <\/strong>gerne im Garten helfest.&nbsp;<\/td><\/tr><tr><td>Er fragte: \u201eIst das <strong>dein <\/strong>Hund?\u201d<\/td><td>Er fragte, ob das <strong>mein <\/strong>Hund sei.&nbsp;<\/td><\/tr><tr><td>Die Zeitung berichtet: &#8220;Wir haben Probleme mit <strong>unseren<\/strong> Verkaufszahlen.\u201c<\/td><td>Die Zeitung berichtet, dass sie Probleme mit <strong>ihren<\/strong> Verkaufszahlen habe.<\/td><\/tr><\/tbody><\/table><\/figure>\n\n\n\n<p>Zauwa\u017c, \u017ce zdania z mow\u0105 zale\u017cn\u0105 mo\u017cesz tworzy\u0107 na r\u00f3\u017cne sposoby. Je\u015bli zdecydujesz si\u0119 u\u017cy\u0107 sp\u00f3jnika <strong>dass <\/strong>(\u017ce), pami\u0119taj \u017ce obowi\u0105zuje po nim szyk zdania podrz\u0119dnego (czasownik na ko\u0144cu zdania), np. &#8220;Sie behauptet, dass sie keine Zeit <strong>habe<\/strong>.&#8221; Mo\u017cesz r\u00f3wnie\u017c zdecydowa\u0107 si\u0119 na pomini\u0119cie sp\u00f3jnika. Wtedy u\u017cyj czasownika standardowo na drugim miejscu w zdaniu, np. &#8220;Sie behauptet, sie <strong>habe<\/strong> keine Zeit.&#8221; Sp\u00f3jnika <strong>ob <\/strong>u\u017cyjesz do tworzenia pyta\u0144, o tym za chwil\u0119. Sp\u00f3jnika <strong>ob <\/strong>u\u017cyjesz do tworzenia pyta\u0144, o tym w artykule o tym jak u\u017cywa\u0107 Konjunktiv I. Je\u015bli chcesz dowiedzie\u0107 si\u0119 wi\u0119cej o sp\u00f3jnikach, przeczytaj <a href=\"https:\/\/www.taalhammer.com\/pl\/weil-i-dass-czyli-spojniki-w-jezyku-niemieckim-proste-wyjasnienie\/\" target=\"_blank\" rel=\"noreferrer noopener\">ten artyku\u0142<\/a>.<\/p>\n\n\n\n<h2 class=\"wp-block-heading\" id=\"htoc-konjunktiv-i-w-j-zyku-niemieckim-czas-przesz-y\"><strong>Jak stworzy\u0107 Konjunktiv I w czasie przesz\u0142ym<\/strong><\/h2>\n\n\n\n<p>Wyobra\u017a sobie teraz tak\u0105 sytuacj\u0119. Umawiasz si\u0119 ze swoimi dwoma kole\u017cankami. Jedna z nich, nazwijmy j\u0105 Judith jest bardzo niepunktualna i cz\u0119sto si\u0119 sp\u00f3\u017ania. Tak jest te\u017c w tym przypadku. Siedzicie wi\u0119c razem z drug\u0105 kole\u017cank\u0105 i wsp\u00f3lnie czekacie na Judith, \u017ceby wej\u015b\u0107 razem do restauracji. Wtedy przychodzi do ciebie SMS:<\/p>\n\n\n\n<p>&#8220;Entschuldigung, ich bin in einer halben Stunde da. <strong>Ich habe mich verlaufen.<\/strong>&#8221; (Przepraszam, przyjad\u0119 za p\u00f3\u0142 godziny. Zgubi\u0142am si\u0119.)<\/p>\n\n\n\n<p>&#8211; Ist das Judith? Was hat sie gesagt? (Czy to Judith? Co powiedzia\u0142a?) &#8211; pyta twoja kole\u017canka.<\/p>\n\n\n\n<p>&#8211; <strong>Sie sagte, sie habe sich verlaufen<\/strong>. (Powiedzia\u0142a, \u017ce si\u0119 zgubi\u0142a.)<\/p>\n\n\n\n<p>Tworzenie Konjunktiv I w czasie przesz\u0142ym jest bardzo proste. Je\u015bli przekazujesz wypowied\u017a, kt\u00f3ra by\u0142a oryginalnie w czasie przesz\u0142ym (niezale\u017cnie od tego czy by\u0142 to czas Perfekt czy Imperfekt), budujesz zdanie tak samo jak w czasie Perfekt, z t\u0105 r\u00f3\u017cnic\u0105, \u017ce czasownik posi\u0142kowy (<strong>haben <\/strong>lub <strong>sein<\/strong>) u\u017cywasz w Konjunktiv I (<strong>habe <\/strong>lub <strong>sei<\/strong>). Pozosta\u0142y czasownik pozostaje <a href=\"https:\/\/www.taalhammer.com\/pl\/czasowniki-nieregularne-w-czasie-przeszlym-w-jezyku-niemieckim\/\" target=\"_blank\" rel=\"noreferrer noopener\">w formie Partizip II<\/a>.<\/p>\n\n\n\n<p>Zmieniaj\u0105 si\u0119 r\u00f3wnie\u017c okre\u015blenia czasu i miejsca, np. je\u015bli tw\u00f3j kolega powie: <strong>Heute habe <\/strong>ich Geburtstag.<strong> <\/strong>(Dzisiaj mam urodziny), to m\u00f3wi\u0105c o tym komu\u015b innemu nast\u0119pnego dnia powiesz: Er sagte, er <strong>gestern <\/strong>Geburtstag <strong>gehabt habe<\/strong>. Zobacz na wi\u0119cej przyk\u0142ad\u00f3w takich zmian:<\/p>\n\n\n\n<figure class=\"wp-block-table\"><table class=\"has-fixed-layout\"><thead><tr><th>Mowa niezale\u017cna<\/th><th>Mowa zale\u017cna<\/th><\/tr><\/thead><tbody><tr><td><strong>heute<\/strong> (dzisiaj)<\/td><td><strong>an diesem Tag<\/strong> (tego dnia)<\/td><\/tr><tr><td>Er behauptet: &#8220;Ich gehe <strong>heute<\/strong> zur Arbeit.&#8221;<\/td><td>Er behauptet, dass er <strong>an diesem Tag<\/strong> zur Arbeit <strong>gegangen sei<\/strong>.<\/td><\/tr><tr><td><strong>morgen<\/strong> (jutro)<\/td><td><strong>am n\u00e4chsten Tag\/ am Tag danach<\/strong> (kolejnego dnia)<\/td><\/tr><tr><td>Er fragte: &#8220;Gehst du <strong>morgen <\/strong>ins Kino?&#8221;&nbsp;<\/td><td>Er fragte, ob ich <strong>am n\u00e4chsten Tag<\/strong> ins Kino <strong>gehe<\/strong>.<\/td><\/tr><tr><td><strong>gestern<\/strong> (wczoraj)<\/td><td><strong>am vorherigen Tag\/ am Tag zuvor<\/strong> (poprzedniego dnia)<\/td><\/tr><tr><td>Sie sagte: &#8220;Ihr habt <strong>gestern<\/strong> den ganzen Tag gearbeitet.&#8221;<\/td><td>Sie sagte, ihr <strong>habet am Tag zuvor<\/strong> den ganzen Tag <strong>gearbeitet<\/strong>.<\/td><\/tr><tr><td><strong>jetzt<\/strong> (teraz)<\/td><td><strong>in diesem Moment <\/strong>(w tamtym momencie)<\/td><\/tr><tr><td>Sie behauptet: &#8220;Er sehe <strong>jetzt<\/strong> fern.&#8221;<\/td><td>Sie behauptet, du habest <strong>in diesem Moment<\/strong> <strong>ferngesehen<\/strong>.<\/td><\/tr><tr><td><strong>n\u00e4chste Woche<\/strong> (w przysz\u0142ym tygodniu)<\/td><td><strong>in der kommenden Woche <\/strong>(w nadchodz\u0105cym tygodniu):<\/td><\/tr><tr><td>Sie sagte: &#8220;Ich fahre <strong>n\u00e4chste Woche<\/strong> in den Urlaub.&#8221;<\/td><td>Sie sagte, dass sie<strong> in der kommenden Woche<\/strong> in den Urlaub <strong>fahre<\/strong>.<\/td><\/tr><tr><td><strong>letzte Woche<\/strong> (w zesz\u0142ym tygodniu)<\/td><td><strong>in der vergangenen Woche<\/strong> (w minionym tygodniu):<\/td><\/tr><tr><td>Er sagte: &#8220;Ich war<strong> letzte Woche<\/strong> krank.&#8221;<\/td><td>Er sagte, dass er <strong>in der vergangenen Woche<\/strong> krank <strong>gewesen sei<\/strong>.&#8221;<\/td><\/tr><tr><td><strong>hier <\/strong>(tutaj)<\/td><td><strong>da\/dort<\/strong> (tam)<\/td><\/tr><tr><td>Er sagte: &#8220;Ich war <strong>hier gestern<\/strong>.&#8221;<\/td><td>Er sagte, er<strong> sei am Tag zuvor dort gewesen<\/strong>.<\/td><\/tr><\/tbody><\/table><\/figure>\n\n\n\n<p>Je\u017celi interesuje si\u0119 wi\u0119cej, przeczytaj nasz artyku\u0142 o tym jak wyra\u017ca\u0107 <a href=\"https:\/\/www.taalhammer.com\/pl\/konjunktiv-i-mowa-zalezna-w-jezyku-niemieckim-habe-i-sei\/\" target=\"_blank\" rel=\"noreferrer noopener\">mow\u0119 zale\u017cna Konjunktiv I<\/a>.<\/p>\n\n\n<style>\n\t#banner-section-2-at-block_d1bb908b79d0dc485756aedd139645c2.banner-at--bg{\n\t\t\tbackground-image: url('https:\/\/www.taalhammer.com\/wp-content\/themes\/taalhammer-theme\/assets\/images\/png\/banner-bg3.png');\n\t\t\tbackground-color: #ffffff;\n\t\t\tborder: 0px solid #FFD600;\n\t}\n\t@media only screen and (max-width: 550px) {\n\t\t#banner-section-2-at-block_d1bb908b79d0dc485756aedd139645c2.banner-at--bg {\n\t\t\tbackground-image: url('https:\/\/www.taalhammer.com\/wp-content\/themes\/taalhammer-theme\/assets\/images\/png\/banner-bg3-mob.png');\n\t\t\tborder: none;\n\t\t}\n\t}\n\t@media only screen and (max-width: 916px) {\n\t\tmain #banner-section-2-at-block_d1bb908b79d0dc485756aedd139645c2.banner-at--bg {\n\t\t\tbackground-image: url('https:\/\/www.taalhammer.com\/wp-content\/themes\/taalhammer-theme\/assets\/images\/png\/banner-bg3-mob.png');\n\t\t\tborder: none;\n\t\t}\n\t}\n\t#banner-section-2-at-block_d1bb908b79d0dc485756aedd139645c2 .banner-at__subtitle {\n\t\tcolor: #FFD600;\n\t}\n\t#banner-section-2-at-block_d1bb908b79d0dc485756aedd139645c2 .banner-at__title {\n\t\tcolor: #ffffff;\n\t}\n\t#banner-section-2-at-block_d1bb908b79d0dc485756aedd139645c2 .banner-at__content .content-at__text{\n\t\tcolor: #ffffff;\n\t}\n\t#banner-section-2-at-block_d1bb908b79d0dc485756aedd139645c2 .banner-at__btn .btn-at {\n\t\tbackground: inherit;\n\t\tcolor: #ffffff;\n\t\tborder: 1px solid rgba(255, 214, 0, 1);\n\t\tbox-shadow: none;\n\t}\n\t#banner-section-2-at-block_d1bb908b79d0dc485756aedd139645c2 .banner-at__btn .btn-at:hover {\n\t\tbackground: #ffd600;\n\t\tcolor: #161616;\n\t\tborder: 1px solid rgba(255, 214, 0, 1);\n\t}\n<\/style>\n<div class=\"banner-at at-ff banner-at--bg\" id=\"banner-section-2-at-block_d1bb908b79d0dc485756aedd139645c2\">\n\t<div class=\"banner-at__wrap banner-at__wrap--end\">\n\t\t\t\t\t<div class=\"banner-at__left\">\n\t\t\t\t<div class=\"img-wrap\">\n\t\t\t\t\t<div>\n\t\t\t\t\t\t<picture>\n\t\t\t\t\t\t\t<img decoding=\"async\" src=\"https:\/\/www.taalhammer.com\/wp-content\/themes\/taalhammer-theme\/assets\/images\/png\/banner-img-3.png\" alt=\"\" \/>\n\t\t\t\t\t\t<\/picture>\n\t\t\t\t\t<\/div>\n\t\t\t\t<\/div>\n\t\t\t<\/div>\n\t\t\t\t<div class=\"banner-at__right\">\n\t\t\t\t\t\t\t\t\t\t\t\t\t\t<div class=\"banner-at__subtitle\">Ka\u017cdy ma talent do nauki j\u0119zyk\u00f3w<\/div>\n\t\t\t\t\t\t\t\t\t\t\t\t\t\t\t\t\t\t<div class=\"banner-at__title\">Ucz si\u0119 j\u0119zyka niemieckiego z aplikacj\u0105 Taalhammer<\/div>\n\t\t\t\t\t\t\t\t<div class=\"banner-at__content content-at\">\n\t\t\t\t\t\t\t\t\t\t\t\t<div class=\"content-at__text\">Rozwijaj instynkty j\u0119zykowe poprzez \u0107wiczenie pe\u0142nych zda\u0144<\/div>\n\t\t\t\t\t\t\t\t\t\t<\/div>\n\t\t\t\t\t\t\t\t\t\t\t\t<div class=\"banner-at__btn\">\n\t\t\t\t\t\t<a class=\"btn-at\" rel=\"nofollow\" href=\"https:\/\/www.taalhammer.com\/pl\/\" cta-type=\"cta-banner-pl-learn-with-sentences\" data-cta-track=\"true\" data-cta-position=\"end-text\">Chc\u0119 zacz\u0105\u0107 nauk\u0119 teraz<\/a>\n\t\t\t\t\t<\/div>\n\t\t\t\t\t\t\t\t\t<\/div>\n\t<\/div>\n<\/div>\n","protected":false},"excerpt":{"rendered":"<p>Konjunktiv I u\u017cywamy do mowy zale\u017cnej, aby zdystansowa\u0107 si\u0119 od wypowiedzi innej osoby i podkre\u015bli\u0107, \u017ce jedynie przekazujemy jej s\u0142owa, a nie nasze w\u0142asne zdanie. Konjunktiv I jest g\u0142\u00f3wnie wykorzystywany&#8230;<\/p>\n","protected":false},"author":5017,"featured_media":6063,"comment_status":"open","ping_status":"closed","sticky":false,"template":"","format":"standard","meta":{"_acf_changed":false,"pmpro_default_level":"","inline_featured_image":false,"footnotes":""},"categories":[265],"tags":[],"class_list":["post-11763","post","type-post","status-publish","format-standard","has-post-thumbnail","hentry","category-nauka-niemieckiego","pmpro-has-access"],"acf":[],"yoast_head":"<!-- This site is optimized with the Yoast SEO Premium plugin v23.4 (Yoast SEO v23.4) - https:\/\/yoast.com\/wordpress\/plugins\/seo\/ -->\n<title>Jak stworzy\u0107 Konjunktiv I w j\u0119zyku niemieckim | Taalhammer<\/title>\n<meta name=\"description\" content=\"Tutaj przeczytasz jak tworzy\u0107 Konjunktiv I w j\u0119zyku niemieckim do wyra\u017cania mowy zale\u017cnej w czasie tera\u017aniejszym i przesz\u0142ym.\" \/>\n<meta name=\"robots\" content=\"index, follow, max-snippet:-1, max-image-preview:large, max-video-preview:-1\" \/>\n<link rel=\"canonical\" href=\"https:\/\/www.taalhammer.com\/pl\/jak-stworzyc-konjunktiv-i-w-jezyku-niemieckim\/\" \/>\n<meta property=\"og:locale\" content=\"pl_PL\" \/>\n<meta property=\"og:type\" content=\"article\" \/>\n<meta property=\"og:title\" content=\"Jak stworzy\u0107 Konjunktiv I w j\u0119zyku niemieckim\" \/>\n<meta property=\"og:description\" content=\"Tutaj przeczytasz jak tworzy\u0107 Konjunktiv I w j\u0119zyku niemieckim do wyra\u017cania mowy zale\u017cnej w czasie tera\u017aniejszym i przesz\u0142ym.\" \/>\n<meta property=\"og:url\" content=\"https:\/\/www.taalhammer.com\/pl\/jak-stworzyc-konjunktiv-i-w-jezyku-niemieckim\/\" \/>\n<meta property=\"og:site_name\" content=\"Taalhammer\" \/>\n<meta property=\"article:publisher\" content=\"https:\/\/www.facebook.com\/taalhammer\" \/>\n<meta property=\"article:published_time\" content=\"2024-05-06T10:16:38+00:00\" \/>\n<meta property=\"article:modified_time\" content=\"2025-03-25T21:54:49+00:00\" \/>\n<meta property=\"og:image\" content=\"https:\/\/www.taalhammer.com\/wp-content\/uploads\/2023\/09\/Reported-speech.png\" \/>\n\t<meta property=\"og:image:width\" content=\"1920\" \/>\n\t<meta property=\"og:image:height\" content=\"1080\" \/>\n\t<meta property=\"og:image:type\" content=\"image\/png\" \/>\n<meta name=\"author\" content=\"Maja Latawiec\" \/>\n<meta name=\"twitter:card\" content=\"summary_large_image\" \/>\n<meta name=\"twitter:creator\" content=\"@taalhammer\" \/>\n<meta name=\"twitter:site\" content=\"@taalhammer\" \/>\n<meta name=\"twitter:label1\" content=\"Napisane przez\" \/>\n\t<meta name=\"twitter:data1\" content=\"Maja Latawiec\" \/>\n\t<meta name=\"twitter:label2\" content=\"Szacowany czas czytania\" \/>\n\t<meta name=\"twitter:data2\" content=\"5 minut\" \/>\n<script type=\"application\/ld+json\" class=\"yoast-schema-graph\">{\"@context\":\"https:\/\/schema.org\",\"@graph\":[{\"@type\":\"Article\",\"@id\":\"https:\/\/www.taalhammer.com\/pl\/jak-stworzyc-konjunktiv-i-w-jezyku-niemieckim\/#article\",\"isPartOf\":{\"@id\":\"https:\/\/www.taalhammer.com\/pl\/jak-stworzyc-konjunktiv-i-w-jezyku-niemieckim\/\"},\"author\":{\"name\":\"Maja Latawiec\",\"@id\":\"https:\/\/www.taalhammer.com\/pl\/#\/schema\/person\/d5e064c8518f62b709c6c2ca91f260a4\"},\"headline\":\"Jak stworzy\u0107 Konjunktiv I w j\u0119zyku niemieckim\",\"datePublished\":\"2024-05-06T10:16:38+00:00\",\"dateModified\":\"2025-03-25T21:54:49+00:00\",\"mainEntityOfPage\":{\"@id\":\"https:\/\/www.taalhammer.com\/pl\/jak-stworzyc-konjunktiv-i-w-jezyku-niemieckim\/\"},\"wordCount\":1094,\"commentCount\":0,\"publisher\":{\"@id\":\"https:\/\/www.taalhammer.com\/pl\/#organization\"},\"image\":{\"@id\":\"https:\/\/www.taalhammer.com\/pl\/jak-stworzyc-konjunktiv-i-w-jezyku-niemieckim\/#primaryimage\"},\"thumbnailUrl\":\"https:\/\/www.taalhammer.com\/wp-content\/uploads\/2023\/09\/Reported-speech.png\",\"articleSection\":[\"Nauka niemieckiego\"],\"inLanguage\":\"pl-PL\",\"potentialAction\":[{\"@type\":\"CommentAction\",\"name\":\"Comment\",\"target\":[\"https:\/\/www.taalhammer.com\/pl\/jak-stworzyc-konjunktiv-i-w-jezyku-niemieckim\/#respond\"]}]},{\"@type\":\"WebPage\",\"@id\":\"https:\/\/www.taalhammer.com\/pl\/jak-stworzyc-konjunktiv-i-w-jezyku-niemieckim\/\",\"url\":\"https:\/\/www.taalhammer.com\/pl\/jak-stworzyc-konjunktiv-i-w-jezyku-niemieckim\/\",\"name\":\"Jak stworzy\u0107 Konjunktiv I w j\u0119zyku niemieckim | Taalhammer\",\"isPartOf\":{\"@id\":\"https:\/\/www.taalhammer.com\/pl\/#website\"},\"primaryImageOfPage\":{\"@id\":\"https:\/\/www.taalhammer.com\/pl\/jak-stworzyc-konjunktiv-i-w-jezyku-niemieckim\/#primaryimage\"},\"image\":{\"@id\":\"https:\/\/www.taalhammer.com\/pl\/jak-stworzyc-konjunktiv-i-w-jezyku-niemieckim\/#primaryimage\"},\"thumbnailUrl\":\"https:\/\/www.taalhammer.com\/wp-content\/uploads\/2023\/09\/Reported-speech.png\",\"datePublished\":\"2024-05-06T10:16:38+00:00\",\"dateModified\":\"2025-03-25T21:54:49+00:00\",\"description\":\"Tutaj przeczytasz jak tworzy\u0107 Konjunktiv I w j\u0119zyku niemieckim do wyra\u017cania mowy zale\u017cnej w czasie tera\u017aniejszym i przesz\u0142ym.\",\"breadcrumb\":{\"@id\":\"https:\/\/www.taalhammer.com\/pl\/jak-stworzyc-konjunktiv-i-w-jezyku-niemieckim\/#breadcrumb\"},\"inLanguage\":\"pl-PL\",\"potentialAction\":[{\"@type\":\"ReadAction\",\"target\":[\"https:\/\/www.taalhammer.com\/pl\/jak-stworzyc-konjunktiv-i-w-jezyku-niemieckim\/\"]}]},{\"@type\":\"ImageObject\",\"inLanguage\":\"pl-PL\",\"@id\":\"https:\/\/www.taalhammer.com\/pl\/jak-stworzyc-konjunktiv-i-w-jezyku-niemieckim\/#primaryimage\",\"url\":\"https:\/\/www.taalhammer.com\/wp-content\/uploads\/2023\/09\/Reported-speech.png\",\"contentUrl\":\"https:\/\/www.taalhammer.com\/wp-content\/uploads\/2023\/09\/Reported-speech.png\",\"width\":1920,\"height\":1080,\"caption\":\"Mowa zale\u017cna w j\u0119zyku angielskim. Zasady, konstrukcja i przyk\u0142ady mowy zale\u017cnej (reported speech)\"},{\"@type\":\"BreadcrumbList\",\"@id\":\"https:\/\/www.taalhammer.com\/pl\/jak-stworzyc-konjunktiv-i-w-jezyku-niemieckim\/#breadcrumb\",\"itemListElement\":[{\"@type\":\"ListItem\",\"position\":1,\"name\":\"Home\",\"item\":\"https:\/\/www.taalhammer.com\/pl\/\"},{\"@type\":\"ListItem\",\"position\":2,\"name\":\"Jak stworzy\u0107 Konjunktiv I w j\u0119zyku niemieckim\"}]},{\"@type\":\"WebSite\",\"@id\":\"https:\/\/www.taalhammer.com\/pl\/#website\",\"url\":\"https:\/\/www.taalhammer.com\/pl\/\",\"name\":\"Taalhammer\",\"description\":\"Stop mumbling, start to speak\",\"publisher\":{\"@id\":\"https:\/\/www.taalhammer.com\/pl\/#organization\"},\"potentialAction\":[{\"@type\":\"SearchAction\",\"target\":{\"@type\":\"EntryPoint\",\"urlTemplate\":\"https:\/\/www.taalhammer.com\/pl\/?s={search_term_string}\"},\"query-input\":{\"@type\":\"PropertyValueSpecification\",\"valueRequired\":true,\"valueName\":\"search_term_string\"}}],\"inLanguage\":\"pl-PL\"},{\"@type\":\"Organization\",\"@id\":\"https:\/\/www.taalhammer.com\/pl\/#organization\",\"name\":\"Taalhammer\",\"url\":\"https:\/\/www.taalhammer.com\/pl\/\",\"logo\":{\"@type\":\"ImageObject\",\"inLanguage\":\"pl-PL\",\"@id\":\"https:\/\/www.taalhammer.com\/pl\/#\/schema\/logo\/image\/\",\"url\":\"https:\/\/www.taalhammer.com\/wp-content\/uploads\/2019\/06\/Taalhammer_B_W_cut_negative.png\",\"contentUrl\":\"https:\/\/www.taalhammer.com\/wp-content\/uploads\/2019\/06\/Taalhammer_B_W_cut_negative.png\",\"width\":290,\"height\":256,\"caption\":\"Taalhammer\"},\"image\":{\"@id\":\"https:\/\/www.taalhammer.com\/pl\/#\/schema\/logo\/image\/\"},\"sameAs\":[\"https:\/\/www.facebook.com\/taalhammer\",\"https:\/\/x.com\/taalhammer\",\"https:\/\/www.instagram.com\/taalhammer_pl\/\"]},{\"@type\":\"Person\",\"@id\":\"https:\/\/www.taalhammer.com\/pl\/#\/schema\/person\/d5e064c8518f62b709c6c2ca91f260a4\",\"name\":\"Maja Latawiec\",\"image\":{\"@type\":\"ImageObject\",\"inLanguage\":\"pl-PL\",\"@id\":\"https:\/\/www.taalhammer.com\/pl\/#\/schema\/person\/image\/\",\"url\":\"https:\/\/secure.gravatar.com\/avatar\/c29dacaeb43622007fd3065f17ebe73f5110e145533ce735ca59f6739d028999?s=96&d=mm&r=g\",\"contentUrl\":\"https:\/\/secure.gravatar.com\/avatar\/c29dacaeb43622007fd3065f17ebe73f5110e145533ce735ca59f6739d028999?s=96&d=mm&r=g\",\"caption\":\"Maja Latawiec\"},\"description\":\"Maja jest studentk\u0105 ostatniego roku filologii angielskiej z niemieckim. Nauka j\u0119zyk\u00f3w i podr\u00f3\u017cowanie od zawsze by\u0142y jej pasj\u0105. M\u00f3wi p\u0142ynnie w j\u0119zyku angielskim i niemieckim, a wolnym czasie uczy si\u0119 j\u0119zyka w\u0142oskiego. Interesuje si\u0119 r\u00f3wnie\u017c literatur\u0105 angielsk\u0105 i fotografi\u0105.\",\"url\":\"https:\/\/www.taalhammer.com\/pl\/author\/latawiecmaja6801\/\"}]}<\/script>\n<!-- \/ Yoast SEO Premium plugin. -->","yoast_head_json":{"title":"Jak stworzy\u0107 Konjunktiv I w j\u0119zyku niemieckim | Taalhammer","description":"Tutaj przeczytasz jak tworzy\u0107 Konjunktiv I w j\u0119zyku niemieckim do wyra\u017cania mowy zale\u017cnej w czasie tera\u017aniejszym i przesz\u0142ym.","robots":{"index":"index","follow":"follow","max-snippet":"max-snippet:-1","max-image-preview":"max-image-preview:large","max-video-preview":"max-video-preview:-1"},"canonical":"https:\/\/www.taalhammer.com\/pl\/jak-stworzyc-konjunktiv-i-w-jezyku-niemieckim\/","og_locale":"pl_PL","og_type":"article","og_title":"Jak stworzy\u0107 Konjunktiv I w j\u0119zyku niemieckim","og_description":"Tutaj przeczytasz jak tworzy\u0107 Konjunktiv I w j\u0119zyku niemieckim do wyra\u017cania mowy zale\u017cnej w czasie tera\u017aniejszym i przesz\u0142ym.","og_url":"https:\/\/www.taalhammer.com\/pl\/jak-stworzyc-konjunktiv-i-w-jezyku-niemieckim\/","og_site_name":"Taalhammer","article_publisher":"https:\/\/www.facebook.com\/taalhammer","article_published_time":"2024-05-06T10:16:38+00:00","article_modified_time":"2025-03-25T21:54:49+00:00","og_image":[{"width":1920,"height":1080,"url":"https:\/\/www.taalhammer.com\/wp-content\/uploads\/2023\/09\/Reported-speech.png","type":"image\/png"}],"author":"Maja Latawiec","twitter_card":"summary_large_image","twitter_creator":"@taalhammer","twitter_site":"@taalhammer","twitter_misc":{"Napisane przez":"Maja Latawiec","Szacowany czas czytania":"5 minut"},"schema":{"@context":"https:\/\/schema.org","@graph":[{"@type":"Article","@id":"https:\/\/www.taalhammer.com\/pl\/jak-stworzyc-konjunktiv-i-w-jezyku-niemieckim\/#article","isPartOf":{"@id":"https:\/\/www.taalhammer.com\/pl\/jak-stworzyc-konjunktiv-i-w-jezyku-niemieckim\/"},"author":{"name":"Maja Latawiec","@id":"https:\/\/www.taalhammer.com\/pl\/#\/schema\/person\/d5e064c8518f62b709c6c2ca91f260a4"},"headline":"Jak stworzy\u0107 Konjunktiv I w j\u0119zyku niemieckim","datePublished":"2024-05-06T10:16:38+00:00","dateModified":"2025-03-25T21:54:49+00:00","mainEntityOfPage":{"@id":"https:\/\/www.taalhammer.com\/pl\/jak-stworzyc-konjunktiv-i-w-jezyku-niemieckim\/"},"wordCount":1094,"commentCount":0,"publisher":{"@id":"https:\/\/www.taalhammer.com\/pl\/#organization"},"image":{"@id":"https:\/\/www.taalhammer.com\/pl\/jak-stworzyc-konjunktiv-i-w-jezyku-niemieckim\/#primaryimage"},"thumbnailUrl":"https:\/\/www.taalhammer.com\/wp-content\/uploads\/2023\/09\/Reported-speech.png","articleSection":["Nauka niemieckiego"],"inLanguage":"pl-PL","potentialAction":[{"@type":"CommentAction","name":"Comment","target":["https:\/\/www.taalhammer.com\/pl\/jak-stworzyc-konjunktiv-i-w-jezyku-niemieckim\/#respond"]}]},{"@type":"WebPage","@id":"https:\/\/www.taalhammer.com\/pl\/jak-stworzyc-konjunktiv-i-w-jezyku-niemieckim\/","url":"https:\/\/www.taalhammer.com\/pl\/jak-stworzyc-konjunktiv-i-w-jezyku-niemieckim\/","name":"Jak stworzy\u0107 Konjunktiv I w j\u0119zyku niemieckim | Taalhammer","isPartOf":{"@id":"https:\/\/www.taalhammer.com\/pl\/#website"},"primaryImageOfPage":{"@id":"https:\/\/www.taalhammer.com\/pl\/jak-stworzyc-konjunktiv-i-w-jezyku-niemieckim\/#primaryimage"},"image":{"@id":"https:\/\/www.taalhammer.com\/pl\/jak-stworzyc-konjunktiv-i-w-jezyku-niemieckim\/#primaryimage"},"thumbnailUrl":"https:\/\/www.taalhammer.com\/wp-content\/uploads\/2023\/09\/Reported-speech.png","datePublished":"2024-05-06T10:16:38+00:00","dateModified":"2025-03-25T21:54:49+00:00","description":"Tutaj przeczytasz jak tworzy\u0107 Konjunktiv I w j\u0119zyku niemieckim do wyra\u017cania mowy zale\u017cnej w czasie tera\u017aniejszym i przesz\u0142ym.","breadcrumb":{"@id":"https:\/\/www.taalhammer.com\/pl\/jak-stworzyc-konjunktiv-i-w-jezyku-niemieckim\/#breadcrumb"},"inLanguage":"pl-PL","potentialAction":[{"@type":"ReadAction","target":["https:\/\/www.taalhammer.com\/pl\/jak-stworzyc-konjunktiv-i-w-jezyku-niemieckim\/"]}]},{"@type":"ImageObject","inLanguage":"pl-PL","@id":"https:\/\/www.taalhammer.com\/pl\/jak-stworzyc-konjunktiv-i-w-jezyku-niemieckim\/#primaryimage","url":"https:\/\/www.taalhammer.com\/wp-content\/uploads\/2023\/09\/Reported-speech.png","contentUrl":"https:\/\/www.taalhammer.com\/wp-content\/uploads\/2023\/09\/Reported-speech.png","width":1920,"height":1080,"caption":"Mowa zale\u017cna w j\u0119zyku angielskim. Zasady, konstrukcja i przyk\u0142ady mowy zale\u017cnej (reported speech)"},{"@type":"BreadcrumbList","@id":"https:\/\/www.taalhammer.com\/pl\/jak-stworzyc-konjunktiv-i-w-jezyku-niemieckim\/#breadcrumb","itemListElement":[{"@type":"ListItem","position":1,"name":"Home","item":"https:\/\/www.taalhammer.com\/pl\/"},{"@type":"ListItem","position":2,"name":"Jak stworzy\u0107 Konjunktiv I w j\u0119zyku niemieckim"}]},{"@type":"WebSite","@id":"https:\/\/www.taalhammer.com\/pl\/#website","url":"https:\/\/www.taalhammer.com\/pl\/","name":"Taalhammer","description":"Stop mumbling, start to speak","publisher":{"@id":"https:\/\/www.taalhammer.com\/pl\/#organization"},"potentialAction":[{"@type":"SearchAction","target":{"@type":"EntryPoint","urlTemplate":"https:\/\/www.taalhammer.com\/pl\/?s={search_term_string}"},"query-input":{"@type":"PropertyValueSpecification","valueRequired":true,"valueName":"search_term_string"}}],"inLanguage":"pl-PL"},{"@type":"Organization","@id":"https:\/\/www.taalhammer.com\/pl\/#organization","name":"Taalhammer","url":"https:\/\/www.taalhammer.com\/pl\/","logo":{"@type":"ImageObject","inLanguage":"pl-PL","@id":"https:\/\/www.taalhammer.com\/pl\/#\/schema\/logo\/image\/","url":"https:\/\/www.taalhammer.com\/wp-content\/uploads\/2019\/06\/Taalhammer_B_W_cut_negative.png","contentUrl":"https:\/\/www.taalhammer.com\/wp-content\/uploads\/2019\/06\/Taalhammer_B_W_cut_negative.png","width":290,"height":256,"caption":"Taalhammer"},"image":{"@id":"https:\/\/www.taalhammer.com\/pl\/#\/schema\/logo\/image\/"},"sameAs":["https:\/\/www.facebook.com\/taalhammer","https:\/\/x.com\/taalhammer","https:\/\/www.instagram.com\/taalhammer_pl\/"]},{"@type":"Person","@id":"https:\/\/www.taalhammer.com\/pl\/#\/schema\/person\/d5e064c8518f62b709c6c2ca91f260a4","name":"Maja Latawiec","image":{"@type":"ImageObject","inLanguage":"pl-PL","@id":"https:\/\/www.taalhammer.com\/pl\/#\/schema\/person\/image\/","url":"https:\/\/secure.gravatar.com\/avatar\/c29dacaeb43622007fd3065f17ebe73f5110e145533ce735ca59f6739d028999?s=96&d=mm&r=g","contentUrl":"https:\/\/secure.gravatar.com\/avatar\/c29dacaeb43622007fd3065f17ebe73f5110e145533ce735ca59f6739d028999?s=96&d=mm&r=g","caption":"Maja Latawiec"},"description":"Maja jest studentk\u0105 ostatniego roku filologii angielskiej z niemieckim. Nauka j\u0119zyk\u00f3w i podr\u00f3\u017cowanie od zawsze by\u0142y jej pasj\u0105. M\u00f3wi p\u0142ynnie w j\u0119zyku angielskim i niemieckim, a wolnym czasie uczy si\u0119 j\u0119zyka w\u0142oskiego. Interesuje si\u0119 r\u00f3wnie\u017c literatur\u0105 angielsk\u0105 i fotografi\u0105.","url":"https:\/\/www.taalhammer.com\/pl\/author\/latawiecmaja6801\/"}]}},"_links":{"self":[{"href":"https:\/\/www.taalhammer.com\/pl\/wp-json\/wp\/v2\/posts\/11763","targetHints":{"allow":["GET"]}}],"collection":[{"href":"https:\/\/www.taalhammer.com\/pl\/wp-json\/wp\/v2\/posts"}],"about":[{"href":"https:\/\/www.taalhammer.com\/pl\/wp-json\/wp\/v2\/types\/post"}],"author":[{"embeddable":true,"href":"https:\/\/www.taalhammer.com\/pl\/wp-json\/wp\/v2\/users\/5017"}],"replies":[{"embeddable":true,"href":"https:\/\/www.taalhammer.com\/pl\/wp-json\/wp\/v2\/comments?post=11763"}],"version-history":[{"count":5,"href":"https:\/\/www.taalhammer.com\/pl\/wp-json\/wp\/v2\/posts\/11763\/revisions"}],"predecessor-version":[{"id":13747,"href":"https:\/\/www.taalhammer.com\/pl\/wp-json\/wp\/v2\/posts\/11763\/revisions\/13747"}],"wp:featuredmedia":[{"embeddable":true,"href":"https:\/\/www.taalhammer.com\/pl\/wp-json\/wp\/v2\/media\/6063"}],"wp:attachment":[{"href":"https:\/\/www.taalhammer.com\/pl\/wp-json\/wp\/v2\/media?parent=11763"}],"wp:term":[{"taxonomy":"category","embeddable":true,"href":"https:\/\/www.taalhammer.com\/pl\/wp-json\/wp\/v2\/categories?post=11763"},{"taxonomy":"post_tag","embeddable":true,"href":"https:\/\/www.taalhammer.com\/pl\/wp-json\/wp\/v2\/tags?post=11763"}],"curies":[{"name":"wp","href":"https:\/\/api.w.org\/{rel}","templated":true}]}}