{"id":11458,"date":"2024-04-29T16:00:19","date_gmt":"2024-04-29T16:00:19","guid":{"rendered":"https:\/\/www.taalhammer.com\/?p=11458"},"modified":"2025-03-26T19:11:15","modified_gmt":"2025-03-26T19:11:15","slug":"przyimki-z-dativem-w-jezyku-niemieckim","status":"publish","type":"post","link":"https:\/\/www.taalhammer.com\/pl\/przyimki-z-dativem-w-jezyku-niemieckim\/","title":{"rendered":"Przyimki z Dativem w j\u0119zyku niemieckim. Tabela i du\u017co przyk\u0142ad\u00f3w."},"content":{"rendered":"\n<p><strong>Dativ<\/strong> w niemieckim to odpowiednik naszego celownika. Odpowiada na pytania:<\/p>\n\n\n\n<ul class=\"wp-block-list\">\n<li><strong>wem? <\/strong>(komu),&nbsp;<\/li>\n\n\n\n<li><strong>was? <\/strong>(czemu)&nbsp;<\/li>\n\n\n\n<li>oraz <strong>wo?<\/strong> (gdzie).&nbsp;<\/li>\n<\/ul>\n\n\n\n<p>Przyimki \u0142\u0105cz\u0105ce si\u0119 z celownikiem (Dativ) to: <strong>aus<\/strong>,<strong> bei<\/strong>,<strong> mit<\/strong>,<strong> nach<\/strong>,<strong> seit<\/strong>,<strong> von<\/strong>,<strong> zu<\/strong>,<strong> gegen\u00fcber<\/strong>. W tym przypadku r\u00f3wnie\u017c najlepiej jest wku\u0107 t\u0119 sekwencj\u0119 na pami\u0119\u0107 i powt\u00f3rzy\u0107 sobie w pami\u0119ci za ka\u017cdym razem gdy masz w\u0105tpliwo\u015bci jakiego przypadku u\u017cy\u0107.<\/p>\n\n\n\n<p>Kiedy u\u017cywasz tych przyimk\u00f3w w zdaniu, powiniene\u015b u\u017cy\u0107 nast\u0119puj\u0105cego po nich rzeczownika lub zaimka w celowniku. Zobacz do tabelki poni\u017cej:<\/p>\n\n\n\n<figure class=\"wp-block-table\"><table class=\"has-fixed-layout\"><thead><tr><th>Niemiecki<\/th><th>Polski<\/th><\/tr><\/thead><tbody><tr><td><strong>aus<\/strong><\/td><td>z<\/td><\/tr><tr><td><strong>aus <\/strong>dem Garten<\/td><td>z ogrodu<\/td><\/tr><tr><td>Die Blumen sind <strong>aus<\/strong> dem Garten.<\/td><td>Kwiaty s\u0105 z ogrodu.<\/td><\/tr><tr><td><strong>aus<\/strong> dem Haus<\/td><td>z domu<\/td><\/tr><tr><td>Sie geht um 9:00 Uhr <strong>aus<\/strong> dem Haus.<\/td><td>Wychodzi z domu o 9.00 rano.<\/td><\/tr><tr><td><strong>aus<\/strong> der Flasche<\/td><td>z butelki<\/td><\/tr><tr><td>Er trinkt Cola <strong>aus<\/strong> der Flasche.<\/td><td>Pije col\u0119 z butelki.<\/td><\/tr><tr><td><strong>bei<\/strong><\/td><td>u, przy, ko\u0142o<\/td><\/tr><tr><td><strong>bei <\/strong>unseren Freunden<\/td><td>u naszych przyjaci\u00f3\u0142<\/td><\/tr><tr><td>Wir sind <strong>bei<\/strong> unseren Freunden.<\/td><td>Jeste\u015bmy u naszych przyjaci\u00f3\u0142.<\/td><\/tr><tr><td><strong>mit<\/strong><\/td><td>z<\/td><\/tr><tr><td><strong>mit <\/strong>ihrer Schwester<\/td><td>ze swoj\u0105 siostr\u0105<\/td><\/tr><tr><td>Sie geht <strong>mit<\/strong> ihrer Schwester einkaufen.<\/td><td>Ona idzie na zakupy ze swoj\u0105 siostr\u0105.<\/td><\/tr><tr><td><strong>mit<\/strong> dem Bus<\/td><td>autobusem<\/td><\/tr><tr><td>Er f\u00e4hrt <strong>mit<\/strong> dem Bus.<\/td><td>Podr\u00f3\u017cuje autobusem.<\/td><\/tr><tr><td><strong>mit<\/strong> dem Kuli<\/td><td>d\u0142ugopisem<\/td><\/tr><tr><td>Ich schreibe mit dem Kuli.<\/td><td>Pisz\u0119 d\u0142ugopisem.<\/td><\/tr><tr><td><strong>nach<\/strong><\/td><td>po, do<\/td><\/tr><tr><td><strong>nach <\/strong>der Schule<\/td><td>po szkole<\/td><\/tr><tr><td>Die Kinder spielen <strong>nach<\/strong> der Schule im Park.<\/td><td>Dzieci bawi\u0105 si\u0119 po szkole w parku.<\/td><\/tr><tr><td><strong>nach<\/strong> dem Essen<\/td><td>po jedzeniu<\/td><\/tr><tr><td><strong>Nach<\/strong> dem Essen schlafe ich ein bisschen.<\/td><td>Po jedzeniu troch\u0119 si\u0119 przespa\u0142em.<\/td><\/tr><tr><td><strong>seit<\/strong><\/td><td>od (w kontek\u015bcie czasu)<\/td><\/tr><tr><td><strong>seit <\/strong>einem Jahr<\/td><td>od roku<\/td><\/tr><tr><td>Ich lerne <strong>seit<\/strong> einem Jahr Deutsch.<\/td><td>Ucz\u0119 si\u0119 niemieckiego od roku.<\/td><\/tr><tr><td><strong>seit<\/strong> einem Monat<\/td><td>od miesi\u0105ca<\/td><\/tr><tr><td><strong>Seit<\/strong> einem Monat wohne ich in Dresden.<\/td><td>Mieszkam w Dre\u017anie od miesi\u0105ca.<\/td><\/tr><tr><td><strong>von<\/strong><\/td><td>od<\/td><\/tr><tr><td><strong>von <\/strong>mir<\/td><td>ode mnie<\/td><\/tr><tr><td>Das Geschenk ist <strong>von<\/strong> mir.<\/td><td>Prezent jest ode mnie.<\/td><\/tr><tr><td><strong>von<\/strong> dem Arzt<\/td><td>od lekarza<\/td><\/tr><tr><td>Sie kommt gerade <strong>von<\/strong> dem Arzt.<\/td><td>W\u0142a\u015bnie wr\u00f3ci\u0142a od lekarza.<\/td><\/tr><tr><td><strong>zu<\/strong><\/td><td>do<\/td><\/tr><tr><td><strong>zu <\/strong>meinem Arzt<\/td><td>do mojego lekarza<\/td><\/tr><tr><td>Ich gehe <strong>zu<\/strong> meinem Arzt.<\/td><td>Id\u0119 do mojego lekarza.<\/td><\/tr><tr><td><strong>zu<\/strong>&nbsp;meinen Eltern<\/td><td>do domu moich rodzic\u00f3w<\/td><\/tr><tr><td>Wir fahren<em>&nbsp;<\/em><strong>zu<\/strong>&nbsp;meinen Eltern.<\/td><td>Jedziemy do domu moich rodzic\u00f3w.<\/td><\/tr><tr><td><strong>gegen\u00fcber&nbsp;<\/strong><\/td><td>naprzeciwko&nbsp;<\/td><\/tr><tr><td><strong>gegen\u00fcber <\/strong>dem Bahnhof<\/td><td>naprzeciwko dworca<\/td><\/tr><tr><td>Das Restaurant ist <strong>gegen\u00fcber<\/strong> dem Bahnhof.<\/td><td>Restauracja jest naprzeciwko dworca.<\/td><\/tr><\/tbody><\/table><\/figure>\n\n\n\n<p>Je\u017celi chcesz dowiedzie\u0107 si\u0119 wi\u0119cej na temat <a href=\"https:\/\/www.taalhammer.com\/pl\/przyimki-w-jezyku-niemieckim-dativ-akkusativ-genitiv\/\" target=\"_blank\" rel=\"noreferrer noopener\">przyimk\u00f3w w j\u0119zyku niemieckim<\/a>, albo <a href=\"https:\/\/www.taalhammer.com\/pl\/przypadki-niemieckie-tabela-odmiana-wyjasnienie\/\" target=\"_blank\" rel=\"noreferrer noopener\">przypadk\u00f3w (Dativ, Akkusativ, Genitiv)<\/a>, zapraszamy do naszych innych artyku\u0142\u00f3w w sekcji \u201c<a href=\"https:\/\/www.taalhammer.com\/pl\/category\/nauka-niemieckiego\/\" target=\"_blank\" rel=\"noreferrer noopener\">Nauka niemieckiego<\/a>\u201d.<\/p>\n\n\n\n<p>Najlepsz\u0105 metod\u0105 nauki u\u017cycia przyimk\u00f3w z biernikiem (Akkusativ) jest <a href=\"https:\/\/www.taalhammer.com\/pl\/najlepszym-sposobem-nauki-jezyka-obcego-jest-nauka-za-pomoca-zdan\/\" target=\"_blank\" rel=\"noreferrer noopener\">zapami\u0119tywanie fraz i zda\u0144.<\/a> Po kilku powt\u00f3rkach tw\u00f3j m\u00f3zg zacznie &#8220;czu\u0107&#8221;, kt\u00f3ry przypadek jest poprawny.<\/p>\n\n\n<style>\n\t#banner-section-1-at-block_d4aa601f6dcdf5fde417e4403d4b3acb.banner-at--bg{\n\t\t\tbackground-image: url('https:\/\/www.taalhammer.com\/wp-content\/themes\/taalhammer-theme\/assets\/images\/png\/banner-bg1.png');\n\t\t\tbackground-color: #ffffff;\n\t\t\tborder: 0px solid #FFD600;\n\t}\n\t@media only screen and (max-width: 550px) {\n\t\t#banner-section-1-at-block_d4aa601f6dcdf5fde417e4403d4b3acb.banner-at--bg {\n\t\t\tbackground-image: url('https:\/\/www.taalhammer.com\/wp-content\/themes\/taalhammer-theme\/assets\/images\/png\/banner-bg1-mob.png');\n\t\t\tborder: none;\n\t\t}\n\t}\n\t@media only screen and (max-width: 916px) {\n\t\tmain #banner-section-1-at-block_d4aa601f6dcdf5fde417e4403d4b3acb.banner-at--bg {\n\t\t\tbackground-image: url('https:\/\/www.taalhammer.com\/wp-content\/themes\/taalhammer-theme\/assets\/images\/png\/banner-bg1-mob.png');\n\t\t\tborder: none;\n\t\t}\n\t}\n\t#banner-section-1-at-block_d4aa601f6dcdf5fde417e4403d4b3acb .banner-at__subtitle {\n\t\tcolor: #262626;\n\t}\n\t#banner-section-1-at-block_d4aa601f6dcdf5fde417e4403d4b3acb .banner-at__subtitle--border {\n\t\tcolor: #262626;\n\t\tborder: 1px solid #262626;\n\t}\n\t#banner-section-1-at-block_d4aa601f6dcdf5fde417e4403d4b3acb .banner-at__title {\n\t\tcolor: #161616;\n\t}\n\t#banner-section-1-at-block_d4aa601f6dcdf5fde417e4403d4b3acb .banner-at__content .content-at__text{\n\t\tcolor: #161616;\n\t}\n\t#banner-section-1-at-block_d4aa601f6dcdf5fde417e4403d4b3acb .banner-at__btn .btn-at {\n\t\tbackground: #ffd600;\n\t\tcolor: #161616;\n\t\tborder: 1px solid rgba(255, 214, 0, 1);\n\t\tbox-shadow: none;\n\t}\n\t#banner-section-1-at-block_d4aa601f6dcdf5fde417e4403d4b3acb .banner-at__btn .btn-at:hover {\n\t\tbackground: inherit;\n\t\tcolor: #ffd600;\n\t\tborder: 1px solid rgba(255, 214, 0, 1);\n\t}\n<\/style>\n<div class=\"banner-at at-ff banner-at--bg\" id=\"banner-section-1-at-block_d4aa601f6dcdf5fde417e4403d4b3acb\">\n\t<div class=\"banner-at__wrap banner-at__wrap--center\">\n\t\t\t\t\t<div class=\"banner-at__left\">\n\t\t\t\t<div class=\"img-wrap\">\n\t\t\t\t\t<div>\n\t\t\t\t\t\t<picture>\n\t\t\t\t\t\t\t<img decoding=\"async\" src=\"https:\/\/www.taalhammer.com\/wp-content\/themes\/taalhammer-theme\/assets\/images\/svg\/banner-img-1.svg\" alt=\"\" \/>\n\t\t\t\t\t\t<\/picture>\n\t\t\t\t\t<\/div>\n\t\t\t\t<\/div>\n\t\t\t<\/div>\n\t\t\t\t<div class=\"banner-at__right\">\n\t\t\t\t\t\t\t\t\t\t\t\t\t\t<div class=\"banner-at__subtitle banner-at__subtitle--border\">Nauka j\u0119zyka kt\u00f3ra dzia\u0142a<\/div>\n\t\t\t\t\t\t\t\t\t\t\t\t\t\t\t\t\t\t<div class=\"banner-at__title\">Ucz si\u0119 j\u0119zyka niemieckiego z aplikacj\u0105 Taalhammer<\/div>\n\t\t\t\t\t\t\t\t<div class=\"banner-at__content content-at\">\n\t\t\t\t\t\t\t\t\t\t\t\t<div class=\"content-at__text\">Rozwijaj instynkty j\u0119zykowe poprzez \u0107wiczenie pe\u0142nych zda\u0144<\/div>\n\t\t\t\t\t\t\t\t\t\t<\/div>\n\t\t\t\t\t\t\t\t\t\t\t\t<div class=\"banner-at__btn\">\n\t\t\t\t\t\t<a class=\"btn-at\" rel=\"nofollow\" href=\"https:\/\/www.taalhammer.com\/pl\/\" cta-type=\"cta-banner-pl-repetition\" data-cta-track=\"true\" data-cta-position=\"end-text\">Chc\u0119 wiedzie\u0107 wi\u0119cej<\/a>\n\t\t\t\t\t<\/div>\n\t\t\t\t\t\t\t\t\t<\/div>\n\t<\/div>\n<\/div>\n","protected":false},"excerpt":{"rendered":"<p>Dativ w niemieckim to odpowiednik naszego celownika. Odpowiada na pytania: Przyimki \u0142\u0105cz\u0105ce si\u0119 z celownikiem (Dativ) to: aus, bei, mit, nach, seit, von, zu, gegen\u00fcber. W tym przypadku r\u00f3wnie\u017c najlepiej&#8230;<\/p>\n","protected":false},"author":5017,"featured_media":9137,"comment_status":"open","ping_status":"closed","sticky":false,"template":"","format":"standard","meta":{"_acf_changed":false,"pmpro_default_level":"","inline_featured_image":false,"footnotes":""},"categories":[265],"tags":[],"class_list":["post-11458","post","type-post","status-publish","format-standard","has-post-thumbnail","hentry","category-nauka-niemieckiego","pmpro-has-access"],"acf":[],"yoast_head":"<!-- This site is optimized with the Yoast SEO Premium plugin v23.4 (Yoast SEO v23.4) - https:\/\/yoast.com\/wordpress\/plugins\/seo\/ -->\n<title>Przyimki z Dativem w j\u0119zyku niemieckim. Tabela i du\u017co przyk\u0142ad\u00f3w. | Taalhammer<\/title>\n<meta name=\"description\" content=\"W tym artykule dowiesz si\u0119, kt\u00f3re przyimki niemieckie \u0142\u0105cz\u0105 si\u0119 z Dativem i jak szybko nauczy\u0107 si\u0119 ich stosowa\u0107.\" \/>\n<meta name=\"robots\" content=\"index, follow, max-snippet:-1, max-image-preview:large, max-video-preview:-1\" \/>\n<link rel=\"canonical\" href=\"https:\/\/www.taalhammer.com\/pl\/przyimki-z-dativem-w-jezyku-niemieckim\/\" \/>\n<meta property=\"og:locale\" content=\"pl_PL\" \/>\n<meta property=\"og:type\" content=\"article\" \/>\n<meta property=\"og:title\" content=\"Przyimki z Dativem w j\u0119zyku niemieckim. Tabela i du\u017co przyk\u0142ad\u00f3w.\" \/>\n<meta property=\"og:description\" content=\"W tym artykule dowiesz si\u0119, kt\u00f3re przyimki niemieckie \u0142\u0105cz\u0105 si\u0119 z Dativem i jak szybko nauczy\u0107 si\u0119 ich stosowa\u0107.\" \/>\n<meta property=\"og:url\" content=\"https:\/\/www.taalhammer.com\/pl\/przyimki-z-dativem-w-jezyku-niemieckim\/\" \/>\n<meta property=\"og:site_name\" content=\"Taalhammer\" \/>\n<meta property=\"article:publisher\" content=\"https:\/\/www.facebook.com\/taalhammer\" \/>\n<meta property=\"article:published_time\" content=\"2024-04-29T16:00:19+00:00\" \/>\n<meta property=\"article:modified_time\" content=\"2025-03-26T19:11:15+00:00\" \/>\n<meta property=\"og:image\" content=\"https:\/\/www.taalhammer.com\/wp-content\/uploads\/2024\/01\/a-person-giving-a-gift-to-someone.png\" \/>\n\t<meta property=\"og:image:width\" content=\"1920\" \/>\n\t<meta property=\"og:image:height\" content=\"1080\" \/>\n\t<meta property=\"og:image:type\" content=\"image\/png\" \/>\n<meta name=\"author\" content=\"Maja Latawiec\" \/>\n<meta name=\"twitter:card\" content=\"summary_large_image\" \/>\n<meta name=\"twitter:creator\" content=\"@taalhammer\" \/>\n<meta name=\"twitter:site\" content=\"@taalhammer\" \/>\n<meta name=\"twitter:label1\" content=\"Napisane przez\" \/>\n\t<meta name=\"twitter:data1\" content=\"Maja Latawiec\" \/>\n\t<meta name=\"twitter:label2\" content=\"Szacowany czas czytania\" \/>\n\t<meta name=\"twitter:data2\" content=\"2 minuty\" \/>\n<script type=\"application\/ld+json\" class=\"yoast-schema-graph\">{\"@context\":\"https:\/\/schema.org\",\"@graph\":[{\"@type\":\"Article\",\"@id\":\"https:\/\/www.taalhammer.com\/pl\/przyimki-z-dativem-w-jezyku-niemieckim\/#article\",\"isPartOf\":{\"@id\":\"https:\/\/www.taalhammer.com\/pl\/przyimki-z-dativem-w-jezyku-niemieckim\/\"},\"author\":{\"name\":\"Maja Latawiec\",\"@id\":\"https:\/\/www.taalhammer.com\/pl\/#\/schema\/person\/d5e064c8518f62b709c6c2ca91f260a4\"},\"headline\":\"Przyimki z Dativem w j\u0119zyku niemieckim. Tabela i du\u017co przyk\u0142ad\u00f3w.\",\"datePublished\":\"2024-04-29T16:00:19+00:00\",\"dateModified\":\"2025-03-26T19:11:15+00:00\",\"mainEntityOfPage\":{\"@id\":\"https:\/\/www.taalhammer.com\/pl\/przyimki-z-dativem-w-jezyku-niemieckim\/\"},\"wordCount\":468,\"commentCount\":0,\"publisher\":{\"@id\":\"https:\/\/www.taalhammer.com\/pl\/#organization\"},\"image\":{\"@id\":\"https:\/\/www.taalhammer.com\/pl\/przyimki-z-dativem-w-jezyku-niemieckim\/#primaryimage\"},\"thumbnailUrl\":\"https:\/\/www.taalhammer.com\/wp-content\/uploads\/2024\/01\/a-person-giving-a-gift-to-someone.png\",\"articleSection\":[\"Nauka niemieckiego\"],\"inLanguage\":\"pl-PL\",\"potentialAction\":[{\"@type\":\"CommentAction\",\"name\":\"Comment\",\"target\":[\"https:\/\/www.taalhammer.com\/pl\/przyimki-z-dativem-w-jezyku-niemieckim\/#respond\"]}]},{\"@type\":\"WebPage\",\"@id\":\"https:\/\/www.taalhammer.com\/pl\/przyimki-z-dativem-w-jezyku-niemieckim\/\",\"url\":\"https:\/\/www.taalhammer.com\/pl\/przyimki-z-dativem-w-jezyku-niemieckim\/\",\"name\":\"Przyimki z Dativem w j\u0119zyku niemieckim. Tabela i du\u017co przyk\u0142ad\u00f3w. | Taalhammer\",\"isPartOf\":{\"@id\":\"https:\/\/www.taalhammer.com\/pl\/#website\"},\"primaryImageOfPage\":{\"@id\":\"https:\/\/www.taalhammer.com\/pl\/przyimki-z-dativem-w-jezyku-niemieckim\/#primaryimage\"},\"image\":{\"@id\":\"https:\/\/www.taalhammer.com\/pl\/przyimki-z-dativem-w-jezyku-niemieckim\/#primaryimage\"},\"thumbnailUrl\":\"https:\/\/www.taalhammer.com\/wp-content\/uploads\/2024\/01\/a-person-giving-a-gift-to-someone.png\",\"datePublished\":\"2024-04-29T16:00:19+00:00\",\"dateModified\":\"2025-03-26T19:11:15+00:00\",\"description\":\"W tym artykule dowiesz si\u0119, kt\u00f3re przyimki niemieckie \u0142\u0105cz\u0105 si\u0119 z Dativem i jak szybko nauczy\u0107 si\u0119 ich stosowa\u0107.\",\"breadcrumb\":{\"@id\":\"https:\/\/www.taalhammer.com\/pl\/przyimki-z-dativem-w-jezyku-niemieckim\/#breadcrumb\"},\"inLanguage\":\"pl-PL\",\"potentialAction\":[{\"@type\":\"ReadAction\",\"target\":[\"https:\/\/www.taalhammer.com\/pl\/przyimki-z-dativem-w-jezyku-niemieckim\/\"]}]},{\"@type\":\"ImageObject\",\"inLanguage\":\"pl-PL\",\"@id\":\"https:\/\/www.taalhammer.com\/pl\/przyimki-z-dativem-w-jezyku-niemieckim\/#primaryimage\",\"url\":\"https:\/\/www.taalhammer.com\/wp-content\/uploads\/2024\/01\/a-person-giving-a-gift-to-someone.png\",\"contentUrl\":\"https:\/\/www.taalhammer.com\/wp-content\/uploads\/2024\/01\/a-person-giving-a-gift-to-someone.png\",\"width\":1920,\"height\":1080},{\"@type\":\"BreadcrumbList\",\"@id\":\"https:\/\/www.taalhammer.com\/pl\/przyimki-z-dativem-w-jezyku-niemieckim\/#breadcrumb\",\"itemListElement\":[{\"@type\":\"ListItem\",\"position\":1,\"name\":\"Home\",\"item\":\"https:\/\/www.taalhammer.com\/pl\/\"},{\"@type\":\"ListItem\",\"position\":2,\"name\":\"Przyimki z Dativem w j\u0119zyku niemieckim. Tabela i du\u017co przyk\u0142ad\u00f3w.\"}]},{\"@type\":\"WebSite\",\"@id\":\"https:\/\/www.taalhammer.com\/pl\/#website\",\"url\":\"https:\/\/www.taalhammer.com\/pl\/\",\"name\":\"Taalhammer\",\"description\":\"Stop mumbling, start to speak\",\"publisher\":{\"@id\":\"https:\/\/www.taalhammer.com\/pl\/#organization\"},\"potentialAction\":[{\"@type\":\"SearchAction\",\"target\":{\"@type\":\"EntryPoint\",\"urlTemplate\":\"https:\/\/www.taalhammer.com\/pl\/?s={search_term_string}\"},\"query-input\":{\"@type\":\"PropertyValueSpecification\",\"valueRequired\":true,\"valueName\":\"search_term_string\"}}],\"inLanguage\":\"pl-PL\"},{\"@type\":\"Organization\",\"@id\":\"https:\/\/www.taalhammer.com\/pl\/#organization\",\"name\":\"Taalhammer\",\"url\":\"https:\/\/www.taalhammer.com\/pl\/\",\"logo\":{\"@type\":\"ImageObject\",\"inLanguage\":\"pl-PL\",\"@id\":\"https:\/\/www.taalhammer.com\/pl\/#\/schema\/logo\/image\/\",\"url\":\"https:\/\/www.taalhammer.com\/wp-content\/uploads\/2019\/06\/Taalhammer_B_W_cut_negative.png\",\"contentUrl\":\"https:\/\/www.taalhammer.com\/wp-content\/uploads\/2019\/06\/Taalhammer_B_W_cut_negative.png\",\"width\":290,\"height\":256,\"caption\":\"Taalhammer\"},\"image\":{\"@id\":\"https:\/\/www.taalhammer.com\/pl\/#\/schema\/logo\/image\/\"},\"sameAs\":[\"https:\/\/www.facebook.com\/taalhammer\",\"https:\/\/x.com\/taalhammer\",\"https:\/\/www.instagram.com\/taalhammer_pl\/\"]},{\"@type\":\"Person\",\"@id\":\"https:\/\/www.taalhammer.com\/pl\/#\/schema\/person\/d5e064c8518f62b709c6c2ca91f260a4\",\"name\":\"Maja Latawiec\",\"image\":{\"@type\":\"ImageObject\",\"inLanguage\":\"pl-PL\",\"@id\":\"https:\/\/www.taalhammer.com\/pl\/#\/schema\/person\/image\/\",\"url\":\"https:\/\/secure.gravatar.com\/avatar\/c29dacaeb43622007fd3065f17ebe73f5110e145533ce735ca59f6739d028999?s=96&d=mm&r=g\",\"contentUrl\":\"https:\/\/secure.gravatar.com\/avatar\/c29dacaeb43622007fd3065f17ebe73f5110e145533ce735ca59f6739d028999?s=96&d=mm&r=g\",\"caption\":\"Maja Latawiec\"},\"description\":\"Maja jest studentk\u0105 ostatniego roku filologii angielskiej z niemieckim. Nauka j\u0119zyk\u00f3w i podr\u00f3\u017cowanie od zawsze by\u0142y jej pasj\u0105. M\u00f3wi p\u0142ynnie w j\u0119zyku angielskim i niemieckim, a wolnym czasie uczy si\u0119 j\u0119zyka w\u0142oskiego. Interesuje si\u0119 r\u00f3wnie\u017c literatur\u0105 angielsk\u0105 i fotografi\u0105.\",\"url\":\"https:\/\/www.taalhammer.com\/pl\/author\/latawiecmaja6801\/\"}]}<\/script>\n<!-- \/ Yoast SEO Premium plugin. -->","yoast_head_json":{"title":"Przyimki z Dativem w j\u0119zyku niemieckim. Tabela i du\u017co przyk\u0142ad\u00f3w. | Taalhammer","description":"W tym artykule dowiesz si\u0119, kt\u00f3re przyimki niemieckie \u0142\u0105cz\u0105 si\u0119 z Dativem i jak szybko nauczy\u0107 si\u0119 ich stosowa\u0107.","robots":{"index":"index","follow":"follow","max-snippet":"max-snippet:-1","max-image-preview":"max-image-preview:large","max-video-preview":"max-video-preview:-1"},"canonical":"https:\/\/www.taalhammer.com\/pl\/przyimki-z-dativem-w-jezyku-niemieckim\/","og_locale":"pl_PL","og_type":"article","og_title":"Przyimki z Dativem w j\u0119zyku niemieckim. Tabela i du\u017co przyk\u0142ad\u00f3w.","og_description":"W tym artykule dowiesz si\u0119, kt\u00f3re przyimki niemieckie \u0142\u0105cz\u0105 si\u0119 z Dativem i jak szybko nauczy\u0107 si\u0119 ich stosowa\u0107.","og_url":"https:\/\/www.taalhammer.com\/pl\/przyimki-z-dativem-w-jezyku-niemieckim\/","og_site_name":"Taalhammer","article_publisher":"https:\/\/www.facebook.com\/taalhammer","article_published_time":"2024-04-29T16:00:19+00:00","article_modified_time":"2025-03-26T19:11:15+00:00","og_image":[{"width":1920,"height":1080,"url":"https:\/\/www.taalhammer.com\/wp-content\/uploads\/2024\/01\/a-person-giving-a-gift-to-someone.png","type":"image\/png"}],"author":"Maja Latawiec","twitter_card":"summary_large_image","twitter_creator":"@taalhammer","twitter_site":"@taalhammer","twitter_misc":{"Napisane przez":"Maja Latawiec","Szacowany czas czytania":"2 minuty"},"schema":{"@context":"https:\/\/schema.org","@graph":[{"@type":"Article","@id":"https:\/\/www.taalhammer.com\/pl\/przyimki-z-dativem-w-jezyku-niemieckim\/#article","isPartOf":{"@id":"https:\/\/www.taalhammer.com\/pl\/przyimki-z-dativem-w-jezyku-niemieckim\/"},"author":{"name":"Maja Latawiec","@id":"https:\/\/www.taalhammer.com\/pl\/#\/schema\/person\/d5e064c8518f62b709c6c2ca91f260a4"},"headline":"Przyimki z Dativem w j\u0119zyku niemieckim. Tabela i du\u017co przyk\u0142ad\u00f3w.","datePublished":"2024-04-29T16:00:19+00:00","dateModified":"2025-03-26T19:11:15+00:00","mainEntityOfPage":{"@id":"https:\/\/www.taalhammer.com\/pl\/przyimki-z-dativem-w-jezyku-niemieckim\/"},"wordCount":468,"commentCount":0,"publisher":{"@id":"https:\/\/www.taalhammer.com\/pl\/#organization"},"image":{"@id":"https:\/\/www.taalhammer.com\/pl\/przyimki-z-dativem-w-jezyku-niemieckim\/#primaryimage"},"thumbnailUrl":"https:\/\/www.taalhammer.com\/wp-content\/uploads\/2024\/01\/a-person-giving-a-gift-to-someone.png","articleSection":["Nauka niemieckiego"],"inLanguage":"pl-PL","potentialAction":[{"@type":"CommentAction","name":"Comment","target":["https:\/\/www.taalhammer.com\/pl\/przyimki-z-dativem-w-jezyku-niemieckim\/#respond"]}]},{"@type":"WebPage","@id":"https:\/\/www.taalhammer.com\/pl\/przyimki-z-dativem-w-jezyku-niemieckim\/","url":"https:\/\/www.taalhammer.com\/pl\/przyimki-z-dativem-w-jezyku-niemieckim\/","name":"Przyimki z Dativem w j\u0119zyku niemieckim. Tabela i du\u017co przyk\u0142ad\u00f3w. | Taalhammer","isPartOf":{"@id":"https:\/\/www.taalhammer.com\/pl\/#website"},"primaryImageOfPage":{"@id":"https:\/\/www.taalhammer.com\/pl\/przyimki-z-dativem-w-jezyku-niemieckim\/#primaryimage"},"image":{"@id":"https:\/\/www.taalhammer.com\/pl\/przyimki-z-dativem-w-jezyku-niemieckim\/#primaryimage"},"thumbnailUrl":"https:\/\/www.taalhammer.com\/wp-content\/uploads\/2024\/01\/a-person-giving-a-gift-to-someone.png","datePublished":"2024-04-29T16:00:19+00:00","dateModified":"2025-03-26T19:11:15+00:00","description":"W tym artykule dowiesz si\u0119, kt\u00f3re przyimki niemieckie \u0142\u0105cz\u0105 si\u0119 z Dativem i jak szybko nauczy\u0107 si\u0119 ich stosowa\u0107.","breadcrumb":{"@id":"https:\/\/www.taalhammer.com\/pl\/przyimki-z-dativem-w-jezyku-niemieckim\/#breadcrumb"},"inLanguage":"pl-PL","potentialAction":[{"@type":"ReadAction","target":["https:\/\/www.taalhammer.com\/pl\/przyimki-z-dativem-w-jezyku-niemieckim\/"]}]},{"@type":"ImageObject","inLanguage":"pl-PL","@id":"https:\/\/www.taalhammer.com\/pl\/przyimki-z-dativem-w-jezyku-niemieckim\/#primaryimage","url":"https:\/\/www.taalhammer.com\/wp-content\/uploads\/2024\/01\/a-person-giving-a-gift-to-someone.png","contentUrl":"https:\/\/www.taalhammer.com\/wp-content\/uploads\/2024\/01\/a-person-giving-a-gift-to-someone.png","width":1920,"height":1080},{"@type":"BreadcrumbList","@id":"https:\/\/www.taalhammer.com\/pl\/przyimki-z-dativem-w-jezyku-niemieckim\/#breadcrumb","itemListElement":[{"@type":"ListItem","position":1,"name":"Home","item":"https:\/\/www.taalhammer.com\/pl\/"},{"@type":"ListItem","position":2,"name":"Przyimki z Dativem w j\u0119zyku niemieckim. Tabela i du\u017co przyk\u0142ad\u00f3w."}]},{"@type":"WebSite","@id":"https:\/\/www.taalhammer.com\/pl\/#website","url":"https:\/\/www.taalhammer.com\/pl\/","name":"Taalhammer","description":"Stop mumbling, start to speak","publisher":{"@id":"https:\/\/www.taalhammer.com\/pl\/#organization"},"potentialAction":[{"@type":"SearchAction","target":{"@type":"EntryPoint","urlTemplate":"https:\/\/www.taalhammer.com\/pl\/?s={search_term_string}"},"query-input":{"@type":"PropertyValueSpecification","valueRequired":true,"valueName":"search_term_string"}}],"inLanguage":"pl-PL"},{"@type":"Organization","@id":"https:\/\/www.taalhammer.com\/pl\/#organization","name":"Taalhammer","url":"https:\/\/www.taalhammer.com\/pl\/","logo":{"@type":"ImageObject","inLanguage":"pl-PL","@id":"https:\/\/www.taalhammer.com\/pl\/#\/schema\/logo\/image\/","url":"https:\/\/www.taalhammer.com\/wp-content\/uploads\/2019\/06\/Taalhammer_B_W_cut_negative.png","contentUrl":"https:\/\/www.taalhammer.com\/wp-content\/uploads\/2019\/06\/Taalhammer_B_W_cut_negative.png","width":290,"height":256,"caption":"Taalhammer"},"image":{"@id":"https:\/\/www.taalhammer.com\/pl\/#\/schema\/logo\/image\/"},"sameAs":["https:\/\/www.facebook.com\/taalhammer","https:\/\/x.com\/taalhammer","https:\/\/www.instagram.com\/taalhammer_pl\/"]},{"@type":"Person","@id":"https:\/\/www.taalhammer.com\/pl\/#\/schema\/person\/d5e064c8518f62b709c6c2ca91f260a4","name":"Maja Latawiec","image":{"@type":"ImageObject","inLanguage":"pl-PL","@id":"https:\/\/www.taalhammer.com\/pl\/#\/schema\/person\/image\/","url":"https:\/\/secure.gravatar.com\/avatar\/c29dacaeb43622007fd3065f17ebe73f5110e145533ce735ca59f6739d028999?s=96&d=mm&r=g","contentUrl":"https:\/\/secure.gravatar.com\/avatar\/c29dacaeb43622007fd3065f17ebe73f5110e145533ce735ca59f6739d028999?s=96&d=mm&r=g","caption":"Maja Latawiec"},"description":"Maja jest studentk\u0105 ostatniego roku filologii angielskiej z niemieckim. Nauka j\u0119zyk\u00f3w i podr\u00f3\u017cowanie od zawsze by\u0142y jej pasj\u0105. M\u00f3wi p\u0142ynnie w j\u0119zyku angielskim i niemieckim, a wolnym czasie uczy si\u0119 j\u0119zyka w\u0142oskiego. Interesuje si\u0119 r\u00f3wnie\u017c literatur\u0105 angielsk\u0105 i fotografi\u0105.","url":"https:\/\/www.taalhammer.com\/pl\/author\/latawiecmaja6801\/"}]}},"_links":{"self":[{"href":"https:\/\/www.taalhammer.com\/pl\/wp-json\/wp\/v2\/posts\/11458","targetHints":{"allow":["GET"]}}],"collection":[{"href":"https:\/\/www.taalhammer.com\/pl\/wp-json\/wp\/v2\/posts"}],"about":[{"href":"https:\/\/www.taalhammer.com\/pl\/wp-json\/wp\/v2\/types\/post"}],"author":[{"embeddable":true,"href":"https:\/\/www.taalhammer.com\/pl\/wp-json\/wp\/v2\/users\/5017"}],"replies":[{"embeddable":true,"href":"https:\/\/www.taalhammer.com\/pl\/wp-json\/wp\/v2\/comments?post=11458"}],"version-history":[{"count":3,"href":"https:\/\/www.taalhammer.com\/pl\/wp-json\/wp\/v2\/posts\/11458\/revisions"}],"predecessor-version":[{"id":13807,"href":"https:\/\/www.taalhammer.com\/pl\/wp-json\/wp\/v2\/posts\/11458\/revisions\/13807"}],"wp:featuredmedia":[{"embeddable":true,"href":"https:\/\/www.taalhammer.com\/pl\/wp-json\/wp\/v2\/media\/9137"}],"wp:attachment":[{"href":"https:\/\/www.taalhammer.com\/pl\/wp-json\/wp\/v2\/media?parent=11458"}],"wp:term":[{"taxonomy":"category","embeddable":true,"href":"https:\/\/www.taalhammer.com\/pl\/wp-json\/wp\/v2\/categories?post=11458"},{"taxonomy":"post_tag","embeddable":true,"href":"https:\/\/www.taalhammer.com\/pl\/wp-json\/wp\/v2\/tags?post=11458"}],"curies":[{"name":"wp","href":"https:\/\/api.w.org\/{rel}","templated":true}]}}